{"id":8905,"date":"2024-05-21T16:08:32","date_gmt":"2024-05-21T14:08:32","guid":{"rendered":"https:\/\/as-aix.fr\/?p=8905"},"modified":"2024-05-23T11:41:59","modified_gmt":"2024-05-23T09:41:59","slug":"coupe-de-provence-feminines-les-u15-et-u18-de-lasa-visent-le-double","status":"publish","type":"post","link":"https:\/\/as-aix.fr\/index.php\/2024\/05\/21\/coupe-de-provence-feminines-les-u15-et-u18-de-lasa-visent-le-double\/","title":{"rendered":"Coupe de Provence &#8211; F\u00e9minines\u00a0: Les U15 et U18 de l\u2019ASA visent le doubl\u00e9"},"content":{"rendered":"\n<p>Un grand jour pour l\u2019AS Aix-en-Provence. Samedi, le club attend un grand soutien derri\u00e8re ses joueuses, U15 et U18 confondues, en finale de Coupe de Provence. Les matchs auront respectivement lieu \u00e0 16 heures et 18 heures au Parc des Sports, \u00e0 Ch\u00e2teauneuf-Les-Martigues. Les plus jeunes n\u2019ont plus gagn\u00e9 la comp\u00e9tition depuis 2 ans, tandis que les plus grandes avaient d\u00e9j\u00e0 atteint ce stade l\u2019an dernier.&nbsp;<\/p>\n\n\n\n<p><strong>Les U15 en finale gr\u00e2ce \u00e0 un mental d\u2019acier<\/strong><\/p>\n\n\n\n<p>Pour Cyriac Duboux, entra\u00eeneur des U15, l\u2019objectif \u00e9tait au moins d\u2019atteindre le dernier carr\u00e9 pour r\u00e9ussir la saison. Le premier tour a \u00e9t\u00e9 remport\u00e9 facilement contre l\u2019ETS Foss\u00e9enne (13-1, 6 janvier dernier). <em>\u00ab&nbsp;On est tomb\u00e9 sur une \u00e9quipe tr\u00e8s accrocheuse, malgr\u00e9 le score. Ce match nous a donn\u00e9 une certaine confiance pour la suite&nbsp;\u00bb<\/em> note-t-il. Et effectivement, ni le GF Miragrans (0-3), ni le FC \u00c9toile Huveaune (3-5) \u2013 deuxi\u00e8me en championnat devant l\u2019ASA -, ni l\u2019US Cheminots Grande Bastide (3-4) n\u2019ont pu stopper les Aixoises dans leur \u00e9lan. Non sans difficult\u00e9. <em>\u00ab&nbsp;Mes objectifs, c\u2019\u00e9tait de voir les filles se donner \u00e0 fond, voir la progression, et passer ces \u00e9tapes sur les points techniques, tactiques, mental. Contre le FC \u00c9toile Huveaune, on se prend un coup franc, un penalty et on gagne dans les derni\u00e8res minutes. Contre Grande Bastide, on perd 1-0 \u00e0 la mi-temps et on passe devant dans les derni\u00e8res secondes&nbsp;\u00bb<\/em> retient-il avant la grande finale.&nbsp;<\/p>\n\n\n\n<p>C\u2019est ce mental d\u2019acier qu\u2019il faudra sans doute avoir pour remporter le troph\u00e9e cette saison. Emma Buffone, gardienne des U15 de l\u2019ASA, en est bien consciente, elle qui ne se voyait pas forc\u00e9ment aller aussi loin dans la comp\u00e9tition. <em>\u00ab\u00a0J\u2019y ai toujours cru parce qu\u2019on a quand m\u00eame un bon niveau. Je savais que \u00e7a pouvait \u00eatre possible (la finale), mais pas de l\u00e0 \u00e0 me dire que je m\u2019y attendais. Maintenant, il faut la gagner\u00a0\u00bb<\/em>. Et lorsqu\u2019on lui pr\u00e9sente le dernier obstacle, le FC St-Victoret qui a d\u00e9j\u00e0 triomph\u00e9 face aux Aixoises par le pass\u00e9\u00a0: <em>\u00ab\u00a0Je pr\u00e9f\u00e8re \u00eatre optimiste. Peut-\u00eatre qu\u2019avec une nouvelle \u00e9quipe, on va pouvoir se prendre en main et r\u00e9ussir \u00e0 gagner cette finale\u00a0\u00bb<\/em>.\u00a0<\/p>\n\n\n\n<p><strong>L\u00e9anne Duboux, capitaine des U18 f\u00e9minines&nbsp;: \u00ab&nbsp;On va tenter de prendre notre revanche&nbsp;\u00bb<\/strong><\/p>\n\n\n\n<p>M\u00eame son de cloche quand on interroge L\u00e9anne Duboux, capitaine des U18 f\u00e9minines. L\u2019optimisme est de mise pour aller au bout du parcours&nbsp;: <em>\u00ab&nbsp;On rejoue le m\u00eame club que l\u2019an dernier (FC Rousset SVO), on va tenter de prendre notre revanche et ne pas leur laisser la Coupe cette fois&nbsp;\u00bb<\/em>.&nbsp;<\/p>\n\n\n\n<p>Sur le papier, une victoire serait un v\u00e9ritable exploit compte tenu de l\u2019\u00e9cart entre les deux \u00e9quipes cette saison. L\u2019ASA a fini avant-dernier de son groupe en R\u00e9gional 1, tandis que Rousset s\u2019est class\u00e9 deuxi\u00e8me. Mais la Coupe semble revigorer \u00e0 chaque fois les joueuses, qui ont d\u2019abord \u00e9limin\u00e9 de peu le FC \u00c9toile Huveaune (0-1) puis \u00e9trill\u00e9 l\u2019Association Marseille F\u00e9minin (12-0) et le GF Miragrans (6-0). La d\u00e9fenseuse centrale esp\u00e8re ainsi que les supporters seront nombreux \u00e0 l\u2019encourager elle et ses co\u00e9quipi\u00e8res&nbsp;: <em>\u00ab&nbsp;Quand nous sommes mont\u00e9es des U15 en U18, les parents ont suivi donc il y a eu un plus grand groupe de supporters. Puis gr\u00e2ce \u00e0 la cr\u00e9ation du compte Instagram (team_supporters_feminines), \u00e7a nous a permis d\u2019avoir plus de visibilit\u00e9 et c\u2019est une belle surprise&nbsp;\u00bb<\/em>. Rendez-vous \u00e0 16 heures pour pousser derri\u00e8re les U15, 18 heures pour les U18 samedi&nbsp;!<\/p>\n\n\n\n<p class=\"has-text-align-right\">Dylan Vandevoorde.<\/p>\n\n\n\n<p><strong>Adresses \u2013 Finales Coupe de Provence<\/strong>&nbsp;:<\/p>\n\n\n\n<p>U15 f\u00e9minines&nbsp;: Parc des Sports, 13220 Ch\u00e2teauneuf-Les-Martigues \u00e0 16 heures<\/p>\n\n\n\n<p>U18 f\u00e9minines&nbsp;: Parc des Sports, 13220 Ch\u00e2teauneuf-Les-Martigues \u00e0 18 heures<\/p>\n\n\n\n<p><strong>Articles\/affiches en lien avec ce contenu<\/strong>&nbsp;:<\/p>\n\n\n\n<ul class=\"wp-block-list\">\n<li>Les f\u00e9minines de l\u2019ASA au c\u0153ur d\u2019un \u00ab Aix-cellent \u00bb projet \u00e0 partir de la saison 2024-2025&nbsp;: https:\/\/as-aix.fr\/index.php\/2024\/05\/15\/les-feminines-de-lasa-au-coeur-dun-aix-cellent-projet-a-partir-de-la-saison-2024-2025\/<\/li>\n\n\n\n<li>Affiche &#8211; D\u00e9tection U15 F\u00e9minines : https:\/\/www.instagram.com\/p\/C68_G-vibpX\/?igsh=eGNkcDgyZ2s3eWh4<\/li>\n<\/ul>\n\n\n\n<p> <\/p>\n\n\n\n<p><\/p>\n","protected":false},"excerpt":{"rendered":"<p>Un grand jour pour l\u2019AS Aix-en-Provence. Samedi, le club attend un grand soutien derri\u00e8re ses joueuses, U15 et U18 confondues, en finale de Coupe de Provence. Les matchs auront respectivement lieu \u00e0 16 heures et 18 heures au Parc des Sports, \u00e0 Ch\u00e2teauneuf-Les-Martigues. Les plus jeunes n\u2019ont plus gagn\u00e9 la comp\u00e9tition depuis 2 ans, tandis [&hellip;]<\/p>\n","protected":false},"author":1,"featured_media":8906,"comment_status":"open","ping_status":"open","sticky":false,"template":"","format":"standard","meta":{"footnotes":""},"categories":[79],"tags":[84,115,116],"class_list":["post-8905","post","type-post","status-publish","format-standard","has-post-thumbnail","hentry","category-equipe","tag-feminines","tag-u15","tag-u18"],"yoast_head":"<!-- This site is optimized with the Yoast SEO plugin v23.4 - https:\/\/yoast.com\/wordpress\/plugins\/seo\/ -->\n<title>Coupe de Provence - F\u00e9minines\u00a0: Les U15 et U18 de l\u2019ASA visent le doubl\u00e9 -<\/title>\n<meta name=\"description\" content=\"Tous les articles et news du club de football de l&#039;association sportive Aix-en-Provence dans les bouches du Rh\u00f4ne.\" \/>\n<meta name=\"robots\" content=\"noindex, follow, max-snippet:-1, max-image-preview:large, max-video-preview:-1\" \/>\n<meta property=\"og:locale\" content=\"fr_FR\" \/>\n<meta property=\"og:type\" content=\"article\" \/>\n<meta property=\"og:title\" content=\"Coupe de Provence - F\u00e9minines\u00a0: Les U15 et U18 de l\u2019ASA visent le doubl\u00e9 -\" \/>\n<meta property=\"og:description\" content=\"Tous les articles et news du club de football de l&#039;association sportive Aix-en-Provence dans les bouches du Rh\u00f4ne.\" \/>\n<meta property=\"og:url\" content=\"https:\/\/as-aix.fr\/index.php\/2024\/05\/21\/coupe-de-provence-feminines-les-u15-et-u18-de-lasa-visent-le-double\/\" \/>\n<meta property=\"article:published_time\" content=\"2024-05-21T14:08:32+00:00\" \/>\n<meta property=\"article:modified_time\" content=\"2024-05-23T09:41:59+00:00\" \/>\n<meta property=\"og:image\" content=\"https:\/\/as-aix.fr\/wp-content\/uploads\/2024\/05\/IMG_8687-scaled.jpg\" \/>\n\t<meta property=\"og:image:width\" content=\"1922\" \/>\n\t<meta property=\"og:image:height\" content=\"2560\" \/>\n\t<meta property=\"og:image:type\" content=\"image\/jpeg\" \/>\n<meta name=\"author\" content=\"ASA\" \/>\n<meta name=\"twitter:card\" content=\"summary_large_image\" \/>\n<script type=\"application\/ld+json\" class=\"yoast-schema-graph\">{\"@context\":\"https:\/\/schema.org\",\"@graph\":[{\"@type\":\"Article\",\"@id\":\"https:\/\/as-aix.fr\/index.php\/2024\/05\/21\/coupe-de-provence-feminines-les-u15-et-u18-de-lasa-visent-le-double\/#article\",\"isPartOf\":{\"@id\":\"https:\/\/as-aix.fr\/index.php\/2024\/05\/21\/coupe-de-provence-feminines-les-u15-et-u18-de-lasa-visent-le-double\/\"},\"author\":{\"name\":\"ASA\",\"@id\":\"https:\/\/as-aix.fr\/#\/schema\/person\/321022093861fa67370f9c542e4785c3\"},\"headline\":\"Coupe de Provence &#8211; F\u00e9minines\u00a0: Les U15 et U18 de l\u2019ASA visent le doubl\u00e9\",\"datePublished\":\"2024-05-21T14:08:32+00:00\",\"dateModified\":\"2024-05-23T09:41:59+00:00\",\"mainEntityOfPage\":{\"@id\":\"https:\/\/as-aix.fr\/index.php\/2024\/05\/21\/coupe-de-provence-feminines-les-u15-et-u18-de-lasa-visent-le-double\/\"},\"wordCount\":723,\"commentCount\":0,\"publisher\":{\"@id\":\"https:\/\/as-aix.fr\/#organization\"},\"image\":{\"@id\":\"https:\/\/as-aix.fr\/index.php\/2024\/05\/21\/coupe-de-provence-feminines-les-u15-et-u18-de-lasa-visent-le-double\/#primaryimage\"},\"thumbnailUrl\":\"https:\/\/as-aix.fr\/wp-content\/uploads\/2024\/05\/IMG_8687-scaled.jpg\",\"keywords\":[\"F\u00e9minines\",\"U15\",\"U18\"],\"articleSection\":[\"Equipe\"],\"inLanguage\":\"fr-FR\",\"potentialAction\":[{\"@type\":\"CommentAction\",\"name\":\"Comment\",\"target\":[\"https:\/\/as-aix.fr\/index.php\/2024\/05\/21\/coupe-de-provence-feminines-les-u15-et-u18-de-lasa-visent-le-double\/#respond\"]}]},{\"@type\":\"WebPage\",\"@id\":\"https:\/\/as-aix.fr\/index.php\/2024\/05\/21\/coupe-de-provence-feminines-les-u15-et-u18-de-lasa-visent-le-double\/\",\"url\":\"https:\/\/as-aix.fr\/index.php\/2024\/05\/21\/coupe-de-provence-feminines-les-u15-et-u18-de-lasa-visent-le-double\/\",\"name\":\"Coupe de Provence - F\u00e9minines\u00a0: Les U15 et U18 de l\u2019ASA visent le doubl\u00e9 -\",\"isPartOf\":{\"@id\":\"https:\/\/as-aix.fr\/#website\"},\"primaryImageOfPage\":{\"@id\":\"https:\/\/as-aix.fr\/index.php\/2024\/05\/21\/coupe-de-provence-feminines-les-u15-et-u18-de-lasa-visent-le-double\/#primaryimage\"},\"image\":{\"@id\":\"https:\/\/as-aix.fr\/index.php\/2024\/05\/21\/coupe-de-provence-feminines-les-u15-et-u18-de-lasa-visent-le-double\/#primaryimage\"},\"thumbnailUrl\":\"https:\/\/as-aix.fr\/wp-content\/uploads\/2024\/05\/IMG_8687-scaled.jpg\",\"datePublished\":\"2024-05-21T14:08:32+00:00\",\"dateModified\":\"2024-05-23T09:41:59+00:00\",\"description\":\"Tous les articles et news du club de football de l'association sportive Aix-en-Provence dans les bouches du Rh\u00f4ne.\",\"breadcrumb\":{\"@id\":\"https:\/\/as-aix.fr\/index.php\/2024\/05\/21\/coupe-de-provence-feminines-les-u15-et-u18-de-lasa-visent-le-double\/#breadcrumb\"},\"inLanguage\":\"fr-FR\",\"potentialAction\":[{\"@type\":\"ReadAction\",\"target\":[\"https:\/\/as-aix.fr\/index.php\/2024\/05\/21\/coupe-de-provence-feminines-les-u15-et-u18-de-lasa-visent-le-double\/\"]}]},{\"@type\":\"ImageObject\",\"inLanguage\":\"fr-FR\",\"@id\":\"https:\/\/as-aix.fr\/index.php\/2024\/05\/21\/coupe-de-provence-feminines-les-u15-et-u18-de-lasa-visent-le-double\/#primaryimage\",\"url\":\"https:\/\/as-aix.fr\/wp-content\/uploads\/2024\/05\/IMG_8687-scaled.jpg\",\"contentUrl\":\"https:\/\/as-aix.fr\/wp-content\/uploads\/2024\/05\/IMG_8687-scaled.jpg\",\"width\":1922,\"height\":2560},{\"@type\":\"BreadcrumbList\",\"@id\":\"https:\/\/as-aix.fr\/index.php\/2024\/05\/21\/coupe-de-provence-feminines-les-u15-et-u18-de-lasa-visent-le-double\/#breadcrumb\",\"itemListElement\":[{\"@type\":\"ListItem\",\"position\":1,\"name\":\"Accueil\",\"item\":\"https:\/\/as-aix.fr\/\"},{\"@type\":\"ListItem\",\"position\":2,\"name\":\"Coupe de Provence &#8211; F\u00e9minines\u00a0: Les U15 et U18 de l\u2019ASA visent le doubl\u00e9\"}]},{\"@type\":\"WebSite\",\"@id\":\"https:\/\/as-aix.fr\/#website\",\"url\":\"https:\/\/as-aix.fr\/\",\"name\":\"\",\"description\":\"Association Sportive Aix-en-Provence\",\"publisher\":{\"@id\":\"https:\/\/as-aix.fr\/#organization\"},\"potentialAction\":[{\"@type\":\"SearchAction\",\"target\":{\"@type\":\"EntryPoint\",\"urlTemplate\":\"https:\/\/as-aix.fr\/?s={search_term_string}\"},\"query-input\":{\"@type\":\"PropertyValueSpecification\",\"valueRequired\":true,\"valueName\":\"search_term_string\"}}],\"inLanguage\":\"fr-FR\"},{\"@type\":\"Organization\",\"@id\":\"https:\/\/as-aix.fr\/#organization\",\"name\":\"Association Sportive Aix-en-Provence\",\"url\":\"https:\/\/as-aix.fr\/\",\"logo\":{\"@type\":\"ImageObject\",\"inLanguage\":\"fr-FR\",\"@id\":\"https:\/\/as-aix.fr\/#\/schema\/logo\/image\/\",\"url\":\"https:\/\/as-aix.fr\/wp-content\/uploads\/2017\/03\/flag-asa.png\",\"contentUrl\":\"https:\/\/as-aix.fr\/wp-content\/uploads\/2017\/03\/flag-asa.png\",\"width\":110,\"height\":119,\"caption\":\"Association Sportive Aix-en-Provence\"},\"image\":{\"@id\":\"https:\/\/as-aix.fr\/#\/schema\/logo\/image\/\"}},{\"@type\":\"Person\",\"@id\":\"https:\/\/as-aix.fr\/#\/schema\/person\/321022093861fa67370f9c542e4785c3\",\"name\":\"ASA\",\"image\":{\"@type\":\"ImageObject\",\"inLanguage\":\"fr-FR\",\"@id\":\"https:\/\/as-aix.fr\/#\/schema\/person\/image\/\",\"url\":\"https:\/\/as-aix.fr\/wp-content\/uploads\/2021\/03\/avatar.png\",\"contentUrl\":\"https:\/\/as-aix.fr\/wp-content\/uploads\/2021\/03\/avatar.png\",\"caption\":\"ASA\"},\"sameAs\":[\"http:\/\/as-aix.fr\"]}]}<\/script>\n<!-- \/ Yoast SEO plugin. -->","yoast_head_json":{"title":"Coupe de Provence - F\u00e9minines\u00a0: Les U15 et U18 de l\u2019ASA visent le doubl\u00e9 -","description":"Tous les articles et news du club de football de l'association sportive Aix-en-Provence dans les bouches du Rh\u00f4ne.","robots":{"index":"noindex","follow":"follow","max-snippet":"max-snippet:-1","max-image-preview":"max-image-preview:large","max-video-preview":"max-video-preview:-1"},"og_locale":"fr_FR","og_type":"article","og_title":"Coupe de Provence - F\u00e9minines\u00a0: Les U15 et U18 de l\u2019ASA visent le doubl\u00e9 -","og_description":"Tous les articles et news du club de football de l'association sportive Aix-en-Provence dans les bouches du Rh\u00f4ne.","og_url":"https:\/\/as-aix.fr\/index.php\/2024\/05\/21\/coupe-de-provence-feminines-les-u15-et-u18-de-lasa-visent-le-double\/","article_published_time":"2024-05-21T14:08:32+00:00","article_modified_time":"2024-05-23T09:41:59+00:00","og_image":[{"width":1922,"height":2560,"url":"https:\/\/as-aix.fr\/wp-content\/uploads\/2024\/05\/IMG_8687-scaled.jpg","type":"image\/jpeg"}],"author":"ASA","twitter_card":"summary_large_image","schema":{"@context":"https:\/\/schema.org","@graph":[{"@type":"Article","@id":"https:\/\/as-aix.fr\/index.php\/2024\/05\/21\/coupe-de-provence-feminines-les-u15-et-u18-de-lasa-visent-le-double\/#article","isPartOf":{"@id":"https:\/\/as-aix.fr\/index.php\/2024\/05\/21\/coupe-de-provence-feminines-les-u15-et-u18-de-lasa-visent-le-double\/"},"author":{"name":"ASA","@id":"https:\/\/as-aix.fr\/#\/schema\/person\/321022093861fa67370f9c542e4785c3"},"headline":"Coupe de Provence &#8211; F\u00e9minines\u00a0: Les U15 et U18 de l\u2019ASA visent le doubl\u00e9","datePublished":"2024-05-21T14:08:32+00:00","dateModified":"2024-05-23T09:41:59+00:00","mainEntityOfPage":{"@id":"https:\/\/as-aix.fr\/index.php\/2024\/05\/21\/coupe-de-provence-feminines-les-u15-et-u18-de-lasa-visent-le-double\/"},"wordCount":723,"commentCount":0,"publisher":{"@id":"https:\/\/as-aix.fr\/#organization"},"image":{"@id":"https:\/\/as-aix.fr\/index.php\/2024\/05\/21\/coupe-de-provence-feminines-les-u15-et-u18-de-lasa-visent-le-double\/#primaryimage"},"thumbnailUrl":"https:\/\/as-aix.fr\/wp-content\/uploads\/2024\/05\/IMG_8687-scaled.jpg","keywords":["F\u00e9minines","U15","U18"],"articleSection":["Equipe"],"inLanguage":"fr-FR","potentialAction":[{"@type":"CommentAction","name":"Comment","target":["https:\/\/as-aix.fr\/index.php\/2024\/05\/21\/coupe-de-provence-feminines-les-u15-et-u18-de-lasa-visent-le-double\/#respond"]}]},{"@type":"WebPage","@id":"https:\/\/as-aix.fr\/index.php\/2024\/05\/21\/coupe-de-provence-feminines-les-u15-et-u18-de-lasa-visent-le-double\/","url":"https:\/\/as-aix.fr\/index.php\/2024\/05\/21\/coupe-de-provence-feminines-les-u15-et-u18-de-lasa-visent-le-double\/","name":"Coupe de Provence - F\u00e9minines\u00a0: Les U15 et U18 de l\u2019ASA visent le doubl\u00e9 -","isPartOf":{"@id":"https:\/\/as-aix.fr\/#website"},"primaryImageOfPage":{"@id":"https:\/\/as-aix.fr\/index.php\/2024\/05\/21\/coupe-de-provence-feminines-les-u15-et-u18-de-lasa-visent-le-double\/#primaryimage"},"image":{"@id":"https:\/\/as-aix.fr\/index.php\/2024\/05\/21\/coupe-de-provence-feminines-les-u15-et-u18-de-lasa-visent-le-double\/#primaryimage"},"thumbnailUrl":"https:\/\/as-aix.fr\/wp-content\/uploads\/2024\/05\/IMG_8687-scaled.jpg","datePublished":"2024-05-21T14:08:32+00:00","dateModified":"2024-05-23T09:41:59+00:00","description":"Tous les articles et news du club de football de l'association sportive Aix-en-Provence dans les bouches du Rh\u00f4ne.","breadcrumb":{"@id":"https:\/\/as-aix.fr\/index.php\/2024\/05\/21\/coupe-de-provence-feminines-les-u15-et-u18-de-lasa-visent-le-double\/#breadcrumb"},"inLanguage":"fr-FR","potentialAction":[{"@type":"ReadAction","target":["https:\/\/as-aix.fr\/index.php\/2024\/05\/21\/coupe-de-provence-feminines-les-u15-et-u18-de-lasa-visent-le-double\/"]}]},{"@type":"ImageObject","inLanguage":"fr-FR","@id":"https:\/\/as-aix.fr\/index.php\/2024\/05\/21\/coupe-de-provence-feminines-les-u15-et-u18-de-lasa-visent-le-double\/#primaryimage","url":"https:\/\/as-aix.fr\/wp-content\/uploads\/2024\/05\/IMG_8687-scaled.jpg","contentUrl":"https:\/\/as-aix.fr\/wp-content\/uploads\/2024\/05\/IMG_8687-scaled.jpg","width":1922,"height":2560},{"@type":"BreadcrumbList","@id":"https:\/\/as-aix.fr\/index.php\/2024\/05\/21\/coupe-de-provence-feminines-les-u15-et-u18-de-lasa-visent-le-double\/#breadcrumb","itemListElement":[{"@type":"ListItem","position":1,"name":"Accueil","item":"https:\/\/as-aix.fr\/"},{"@type":"ListItem","position":2,"name":"Coupe de Provence &#8211; F\u00e9minines\u00a0: Les U15 et U18 de l\u2019ASA visent le doubl\u00e9"}]},{"@type":"WebSite","@id":"https:\/\/as-aix.fr\/#website","url":"https:\/\/as-aix.fr\/","name":"","description":"Association Sportive Aix-en-Provence","publisher":{"@id":"https:\/\/as-aix.fr\/#organization"},"potentialAction":[{"@type":"SearchAction","target":{"@type":"EntryPoint","urlTemplate":"https:\/\/as-aix.fr\/?s={search_term_string}"},"query-input":{"@type":"PropertyValueSpecification","valueRequired":true,"valueName":"search_term_string"}}],"inLanguage":"fr-FR"},{"@type":"Organization","@id":"https:\/\/as-aix.fr\/#organization","name":"Association Sportive Aix-en-Provence","url":"https:\/\/as-aix.fr\/","logo":{"@type":"ImageObject","inLanguage":"fr-FR","@id":"https:\/\/as-aix.fr\/#\/schema\/logo\/image\/","url":"https:\/\/as-aix.fr\/wp-content\/uploads\/2017\/03\/flag-asa.png","contentUrl":"https:\/\/as-aix.fr\/wp-content\/uploads\/2017\/03\/flag-asa.png","width":110,"height":119,"caption":"Association Sportive Aix-en-Provence"},"image":{"@id":"https:\/\/as-aix.fr\/#\/schema\/logo\/image\/"}},{"@type":"Person","@id":"https:\/\/as-aix.fr\/#\/schema\/person\/321022093861fa67370f9c542e4785c3","name":"ASA","image":{"@type":"ImageObject","inLanguage":"fr-FR","@id":"https:\/\/as-aix.fr\/#\/schema\/person\/image\/","url":"https:\/\/as-aix.fr\/wp-content\/uploads\/2021\/03\/avatar.png","contentUrl":"https:\/\/as-aix.fr\/wp-content\/uploads\/2021\/03\/avatar.png","caption":"ASA"},"sameAs":["http:\/\/as-aix.fr"]}]}},"_links":{"self":[{"href":"https:\/\/as-aix.fr\/index.php\/wp-json\/wp\/v2\/posts\/8905","targetHints":{"allow":["GET"]}}],"collection":[{"href":"https:\/\/as-aix.fr\/index.php\/wp-json\/wp\/v2\/posts"}],"about":[{"href":"https:\/\/as-aix.fr\/index.php\/wp-json\/wp\/v2\/types\/post"}],"author":[{"embeddable":true,"href":"https:\/\/as-aix.fr\/index.php\/wp-json\/wp\/v2\/users\/1"}],"replies":[{"embeddable":true,"href":"https:\/\/as-aix.fr\/index.php\/wp-json\/wp\/v2\/comments?post=8905"}],"version-history":[{"count":4,"href":"https:\/\/as-aix.fr\/index.php\/wp-json\/wp\/v2\/posts\/8905\/revisions"}],"predecessor-version":[{"id":8919,"href":"https:\/\/as-aix.fr\/index.php\/wp-json\/wp\/v2\/posts\/8905\/revisions\/8919"}],"wp:featuredmedia":[{"embeddable":true,"href":"https:\/\/as-aix.fr\/index.php\/wp-json\/wp\/v2\/media\/8906"}],"wp:attachment":[{"href":"https:\/\/as-aix.fr\/index.php\/wp-json\/wp\/v2\/media?parent=8905"}],"wp:term":[{"taxonomy":"category","embeddable":true,"href":"https:\/\/as-aix.fr\/index.php\/wp-json\/wp\/v2\/categories?post=8905"},{"taxonomy":"post_tag","embeddable":true,"href":"https:\/\/as-aix.fr\/index.php\/wp-json\/wp\/v2\/tags?post=8905"}],"curies":[{"name":"wp","href":"https:\/\/api.w.org\/{rel}","templated":true}]}}