{"id":8472,"date":"2023-01-27T16:05:09","date_gmt":"2023-01-27T15:05:09","guid":{"rendered":"https:\/\/as-aix.fr\/?p=8472"},"modified":"2023-01-27T16:05:10","modified_gmt":"2023-01-27T15:05:10","slug":"felicitations-a-ezechiel-et-abdessamed","status":"publish","type":"post","link":"https:\/\/as-aix.fr\/index.php\/2023\/01\/27\/felicitations-a-ezechiel-et-abdessamed\/","title":{"rendered":"F\u00e9licitations \u00e0 Ez\u00e9chiel et Abdessamed"},"content":{"rendered":"\n<p>Bienvenue \u00e0 nos nouveaux arbitres, Ez\u00e9chiel et Abdessamed qui ont obtenu r\u00e9cemment leur dipl\u00f4me d&rsquo;arbitre.<\/p>\n\n\n\n<p>En attendant d&rsquo;officier prochainement en match, ils ont \u00e9t\u00e9 re\u00e7us par Yassine BOUASLA, le responsable de notre \u00ab\u00a0section Arbitres\u00a0\u00bb pour une immersion parmi les officiels lors de plusieurs matches officiels.<\/p>\n\n\n\n<p>Un autre nouvel arbitre viendra grossir les rangs des arbitres aixois la semaine prochaine.<\/p>\n","protected":false},"excerpt":{"rendered":"<p>Bienvenue \u00e0 nos nouveaux arbitres, Ez\u00e9chiel et Abdessamed qui ont obtenu r\u00e9cemment leur dipl\u00f4me d&rsquo;arbitre. En attendant d&rsquo;officier prochainement en match, ils ont \u00e9t\u00e9 re\u00e7us par Yassine BOUASLA, le responsable de notre \u00ab\u00a0section Arbitres\u00a0\u00bb pour une immersion parmi les officiels lors de plusieurs matches officiels. Un autre nouvel arbitre viendra grossir les rangs des arbitres [&hellip;]<\/p>\n","protected":false},"author":1,"featured_media":8473,"comment_status":"open","ping_status":"open","sticky":false,"template":"","format":"standard","meta":{"footnotes":""},"categories":[78],"tags":[83],"class_list":["post-8472","post","type-post","status-publish","format-standard","has-post-thumbnail","hentry","category-club","tag-evenements"],"yoast_head":"<!-- This site is optimized with the Yoast SEO plugin v23.4 - https:\/\/yoast.com\/wordpress\/plugins\/seo\/ -->\n<title>F\u00e9licitations \u00e0 Ez\u00e9chiel et Abdessamed -<\/title>\n<meta name=\"description\" content=\"Tous les articles et news du club de football de l&#039;association sportive Aix-en-Provence dans les bouches du Rh\u00f4ne.\" \/>\n<meta name=\"robots\" content=\"noindex, follow, max-snippet:-1, max-image-preview:large, max-video-preview:-1\" \/>\n<meta property=\"og:locale\" content=\"fr_FR\" \/>\n<meta property=\"og:type\" content=\"article\" \/>\n<meta property=\"og:title\" content=\"F\u00e9licitations \u00e0 Ez\u00e9chiel et Abdessamed -\" \/>\n<meta property=\"og:description\" content=\"Tous les articles et news du club de football de l&#039;association sportive Aix-en-Provence dans les bouches du Rh\u00f4ne.\" \/>\n<meta property=\"og:url\" content=\"https:\/\/as-aix.fr\/index.php\/2023\/01\/27\/felicitations-a-ezechiel-et-abdessamed\/\" \/>\n<meta property=\"article:published_time\" content=\"2023-01-27T15:05:09+00:00\" \/>\n<meta property=\"article:modified_time\" content=\"2023-01-27T15:05:10+00:00\" \/>\n<meta property=\"og:image\" content=\"https:\/\/as-aix.fr\/wp-content\/uploads\/2023\/01\/asa-5.jpg\" \/>\n\t<meta property=\"og:image:width\" content=\"1755\" \/>\n\t<meta property=\"og:image:height\" content=\"1755\" \/>\n\t<meta property=\"og:image:type\" content=\"image\/jpeg\" \/>\n<meta name=\"author\" content=\"ASA\" \/>\n<meta name=\"twitter:card\" content=\"summary_large_image\" \/>\n<script type=\"application\/ld+json\" class=\"yoast-schema-graph\">{\"@context\":\"https:\/\/schema.org\",\"@graph\":[{\"@type\":\"Article\",\"@id\":\"https:\/\/as-aix.fr\/index.php\/2023\/01\/27\/felicitations-a-ezechiel-et-abdessamed\/#article\",\"isPartOf\":{\"@id\":\"https:\/\/as-aix.fr\/index.php\/2023\/01\/27\/felicitations-a-ezechiel-et-abdessamed\/\"},\"author\":{\"name\":\"ASA\",\"@id\":\"https:\/\/as-aix.fr\/#\/schema\/person\/321022093861fa67370f9c542e4785c3\"},\"headline\":\"F\u00e9licitations \u00e0 Ez\u00e9chiel et Abdessamed\",\"datePublished\":\"2023-01-27T15:05:09+00:00\",\"dateModified\":\"2023-01-27T15:05:10+00:00\",\"mainEntityOfPage\":{\"@id\":\"https:\/\/as-aix.fr\/index.php\/2023\/01\/27\/felicitations-a-ezechiel-et-abdessamed\/\"},\"wordCount\":68,\"commentCount\":0,\"publisher\":{\"@id\":\"https:\/\/as-aix.fr\/#organization\"},\"image\":{\"@id\":\"https:\/\/as-aix.fr\/index.php\/2023\/01\/27\/felicitations-a-ezechiel-et-abdessamed\/#primaryimage\"},\"thumbnailUrl\":\"https:\/\/as-aix.fr\/wp-content\/uploads\/2023\/01\/asa-5.jpg\",\"keywords\":[\"\u00c9v\u00e9nements\"],\"articleSection\":[\"Club\"],\"inLanguage\":\"fr-FR\",\"potentialAction\":[{\"@type\":\"CommentAction\",\"name\":\"Comment\",\"target\":[\"https:\/\/as-aix.fr\/index.php\/2023\/01\/27\/felicitations-a-ezechiel-et-abdessamed\/#respond\"]}]},{\"@type\":\"WebPage\",\"@id\":\"https:\/\/as-aix.fr\/index.php\/2023\/01\/27\/felicitations-a-ezechiel-et-abdessamed\/\",\"url\":\"https:\/\/as-aix.fr\/index.php\/2023\/01\/27\/felicitations-a-ezechiel-et-abdessamed\/\",\"name\":\"F\u00e9licitations \u00e0 Ez\u00e9chiel et Abdessamed -\",\"isPartOf\":{\"@id\":\"https:\/\/as-aix.fr\/#website\"},\"primaryImageOfPage\":{\"@id\":\"https:\/\/as-aix.fr\/index.php\/2023\/01\/27\/felicitations-a-ezechiel-et-abdessamed\/#primaryimage\"},\"image\":{\"@id\":\"https:\/\/as-aix.fr\/index.php\/2023\/01\/27\/felicitations-a-ezechiel-et-abdessamed\/#primaryimage\"},\"thumbnailUrl\":\"https:\/\/as-aix.fr\/wp-content\/uploads\/2023\/01\/asa-5.jpg\",\"datePublished\":\"2023-01-27T15:05:09+00:00\",\"dateModified\":\"2023-01-27T15:05:10+00:00\",\"description\":\"Tous les articles et news du club de football de l'association sportive Aix-en-Provence dans les bouches du Rh\u00f4ne.\",\"breadcrumb\":{\"@id\":\"https:\/\/as-aix.fr\/index.php\/2023\/01\/27\/felicitations-a-ezechiel-et-abdessamed\/#breadcrumb\"},\"inLanguage\":\"fr-FR\",\"potentialAction\":[{\"@type\":\"ReadAction\",\"target\":[\"https:\/\/as-aix.fr\/index.php\/2023\/01\/27\/felicitations-a-ezechiel-et-abdessamed\/\"]}]},{\"@type\":\"ImageObject\",\"inLanguage\":\"fr-FR\",\"@id\":\"https:\/\/as-aix.fr\/index.php\/2023\/01\/27\/felicitations-a-ezechiel-et-abdessamed\/#primaryimage\",\"url\":\"https:\/\/as-aix.fr\/wp-content\/uploads\/2023\/01\/asa-5.jpg\",\"contentUrl\":\"https:\/\/as-aix.fr\/wp-content\/uploads\/2023\/01\/asa-5.jpg\",\"width\":1755,\"height\":1755},{\"@type\":\"BreadcrumbList\",\"@id\":\"https:\/\/as-aix.fr\/index.php\/2023\/01\/27\/felicitations-a-ezechiel-et-abdessamed\/#breadcrumb\",\"itemListElement\":[{\"@type\":\"ListItem\",\"position\":1,\"name\":\"Accueil\",\"item\":\"https:\/\/as-aix.fr\/\"},{\"@type\":\"ListItem\",\"position\":2,\"name\":\"F\u00e9licitations \u00e0 Ez\u00e9chiel et Abdessamed\"}]},{\"@type\":\"WebSite\",\"@id\":\"https:\/\/as-aix.fr\/#website\",\"url\":\"https:\/\/as-aix.fr\/\",\"name\":\"\",\"description\":\"Association Sportive Aix-en-Provence\",\"publisher\":{\"@id\":\"https:\/\/as-aix.fr\/#organization\"},\"potentialAction\":[{\"@type\":\"SearchAction\",\"target\":{\"@type\":\"EntryPoint\",\"urlTemplate\":\"https:\/\/as-aix.fr\/?s={search_term_string}\"},\"query-input\":{\"@type\":\"PropertyValueSpecification\",\"valueRequired\":true,\"valueName\":\"search_term_string\"}}],\"inLanguage\":\"fr-FR\"},{\"@type\":\"Organization\",\"@id\":\"https:\/\/as-aix.fr\/#organization\",\"name\":\"Association Sportive Aix-en-Provence\",\"url\":\"https:\/\/as-aix.fr\/\",\"logo\":{\"@type\":\"ImageObject\",\"inLanguage\":\"fr-FR\",\"@id\":\"https:\/\/as-aix.fr\/#\/schema\/logo\/image\/\",\"url\":\"https:\/\/as-aix.fr\/wp-content\/uploads\/2017\/03\/flag-asa.png\",\"contentUrl\":\"https:\/\/as-aix.fr\/wp-content\/uploads\/2017\/03\/flag-asa.png\",\"width\":110,\"height\":119,\"caption\":\"Association Sportive Aix-en-Provence\"},\"image\":{\"@id\":\"https:\/\/as-aix.fr\/#\/schema\/logo\/image\/\"}},{\"@type\":\"Person\",\"@id\":\"https:\/\/as-aix.fr\/#\/schema\/person\/321022093861fa67370f9c542e4785c3\",\"name\":\"ASA\",\"image\":{\"@type\":\"ImageObject\",\"inLanguage\":\"fr-FR\",\"@id\":\"https:\/\/as-aix.fr\/#\/schema\/person\/image\/\",\"url\":\"https:\/\/as-aix.fr\/wp-content\/uploads\/2021\/03\/avatar.png\",\"contentUrl\":\"https:\/\/as-aix.fr\/wp-content\/uploads\/2021\/03\/avatar.png\",\"caption\":\"ASA\"},\"sameAs\":[\"http:\/\/as-aix.fr\"]}]}<\/script>\n<!-- \/ Yoast SEO plugin. -->","yoast_head_json":{"title":"F\u00e9licitations \u00e0 Ez\u00e9chiel et Abdessamed -","description":"Tous les articles et news du club de football de l'association sportive Aix-en-Provence dans les bouches du Rh\u00f4ne.","robots":{"index":"noindex","follow":"follow","max-snippet":"max-snippet:-1","max-image-preview":"max-image-preview:large","max-video-preview":"max-video-preview:-1"},"og_locale":"fr_FR","og_type":"article","og_title":"F\u00e9licitations \u00e0 Ez\u00e9chiel et Abdessamed -","og_description":"Tous les articles et news du club de football de l'association sportive Aix-en-Provence dans les bouches du Rh\u00f4ne.","og_url":"https:\/\/as-aix.fr\/index.php\/2023\/01\/27\/felicitations-a-ezechiel-et-abdessamed\/","article_published_time":"2023-01-27T15:05:09+00:00","article_modified_time":"2023-01-27T15:05:10+00:00","og_image":[{"width":1755,"height":1755,"url":"https:\/\/as-aix.fr\/wp-content\/uploads\/2023\/01\/asa-5.jpg","type":"image\/jpeg"}],"author":"ASA","twitter_card":"summary_large_image","schema":{"@context":"https:\/\/schema.org","@graph":[{"@type":"Article","@id":"https:\/\/as-aix.fr\/index.php\/2023\/01\/27\/felicitations-a-ezechiel-et-abdessamed\/#article","isPartOf":{"@id":"https:\/\/as-aix.fr\/index.php\/2023\/01\/27\/felicitations-a-ezechiel-et-abdessamed\/"},"author":{"name":"ASA","@id":"https:\/\/as-aix.fr\/#\/schema\/person\/321022093861fa67370f9c542e4785c3"},"headline":"F\u00e9licitations \u00e0 Ez\u00e9chiel et Abdessamed","datePublished":"2023-01-27T15:05:09+00:00","dateModified":"2023-01-27T15:05:10+00:00","mainEntityOfPage":{"@id":"https:\/\/as-aix.fr\/index.php\/2023\/01\/27\/felicitations-a-ezechiel-et-abdessamed\/"},"wordCount":68,"commentCount":0,"publisher":{"@id":"https:\/\/as-aix.fr\/#organization"},"image":{"@id":"https:\/\/as-aix.fr\/index.php\/2023\/01\/27\/felicitations-a-ezechiel-et-abdessamed\/#primaryimage"},"thumbnailUrl":"https:\/\/as-aix.fr\/wp-content\/uploads\/2023\/01\/asa-5.jpg","keywords":["\u00c9v\u00e9nements"],"articleSection":["Club"],"inLanguage":"fr-FR","potentialAction":[{"@type":"CommentAction","name":"Comment","target":["https:\/\/as-aix.fr\/index.php\/2023\/01\/27\/felicitations-a-ezechiel-et-abdessamed\/#respond"]}]},{"@type":"WebPage","@id":"https:\/\/as-aix.fr\/index.php\/2023\/01\/27\/felicitations-a-ezechiel-et-abdessamed\/","url":"https:\/\/as-aix.fr\/index.php\/2023\/01\/27\/felicitations-a-ezechiel-et-abdessamed\/","name":"F\u00e9licitations \u00e0 Ez\u00e9chiel et Abdessamed -","isPartOf":{"@id":"https:\/\/as-aix.fr\/#website"},"primaryImageOfPage":{"@id":"https:\/\/as-aix.fr\/index.php\/2023\/01\/27\/felicitations-a-ezechiel-et-abdessamed\/#primaryimage"},"image":{"@id":"https:\/\/as-aix.fr\/index.php\/2023\/01\/27\/felicitations-a-ezechiel-et-abdessamed\/#primaryimage"},"thumbnailUrl":"https:\/\/as-aix.fr\/wp-content\/uploads\/2023\/01\/asa-5.jpg","datePublished":"2023-01-27T15:05:09+00:00","dateModified":"2023-01-27T15:05:10+00:00","description":"Tous les articles et news du club de football de l'association sportive Aix-en-Provence dans les bouches du Rh\u00f4ne.","breadcrumb":{"@id":"https:\/\/as-aix.fr\/index.php\/2023\/01\/27\/felicitations-a-ezechiel-et-abdessamed\/#breadcrumb"},"inLanguage":"fr-FR","potentialAction":[{"@type":"ReadAction","target":["https:\/\/as-aix.fr\/index.php\/2023\/01\/27\/felicitations-a-ezechiel-et-abdessamed\/"]}]},{"@type":"ImageObject","inLanguage":"fr-FR","@id":"https:\/\/as-aix.fr\/index.php\/2023\/01\/27\/felicitations-a-ezechiel-et-abdessamed\/#primaryimage","url":"https:\/\/as-aix.fr\/wp-content\/uploads\/2023\/01\/asa-5.jpg","contentUrl":"https:\/\/as-aix.fr\/wp-content\/uploads\/2023\/01\/asa-5.jpg","width":1755,"height":1755},{"@type":"BreadcrumbList","@id":"https:\/\/as-aix.fr\/index.php\/2023\/01\/27\/felicitations-a-ezechiel-et-abdessamed\/#breadcrumb","itemListElement":[{"@type":"ListItem","position":1,"name":"Accueil","item":"https:\/\/as-aix.fr\/"},{"@type":"ListItem","position":2,"name":"F\u00e9licitations \u00e0 Ez\u00e9chiel et Abdessamed"}]},{"@type":"WebSite","@id":"https:\/\/as-aix.fr\/#website","url":"https:\/\/as-aix.fr\/","name":"","description":"Association Sportive Aix-en-Provence","publisher":{"@id":"https:\/\/as-aix.fr\/#organization"},"potentialAction":[{"@type":"SearchAction","target":{"@type":"EntryPoint","urlTemplate":"https:\/\/as-aix.fr\/?s={search_term_string}"},"query-input":{"@type":"PropertyValueSpecification","valueRequired":true,"valueName":"search_term_string"}}],"inLanguage":"fr-FR"},{"@type":"Organization","@id":"https:\/\/as-aix.fr\/#organization","name":"Association Sportive Aix-en-Provence","url":"https:\/\/as-aix.fr\/","logo":{"@type":"ImageObject","inLanguage":"fr-FR","@id":"https:\/\/as-aix.fr\/#\/schema\/logo\/image\/","url":"https:\/\/as-aix.fr\/wp-content\/uploads\/2017\/03\/flag-asa.png","contentUrl":"https:\/\/as-aix.fr\/wp-content\/uploads\/2017\/03\/flag-asa.png","width":110,"height":119,"caption":"Association Sportive Aix-en-Provence"},"image":{"@id":"https:\/\/as-aix.fr\/#\/schema\/logo\/image\/"}},{"@type":"Person","@id":"https:\/\/as-aix.fr\/#\/schema\/person\/321022093861fa67370f9c542e4785c3","name":"ASA","image":{"@type":"ImageObject","inLanguage":"fr-FR","@id":"https:\/\/as-aix.fr\/#\/schema\/person\/image\/","url":"https:\/\/as-aix.fr\/wp-content\/uploads\/2021\/03\/avatar.png","contentUrl":"https:\/\/as-aix.fr\/wp-content\/uploads\/2021\/03\/avatar.png","caption":"ASA"},"sameAs":["http:\/\/as-aix.fr"]}]}},"_links":{"self":[{"href":"https:\/\/as-aix.fr\/index.php\/wp-json\/wp\/v2\/posts\/8472","targetHints":{"allow":["GET"]}}],"collection":[{"href":"https:\/\/as-aix.fr\/index.php\/wp-json\/wp\/v2\/posts"}],"about":[{"href":"https:\/\/as-aix.fr\/index.php\/wp-json\/wp\/v2\/types\/post"}],"author":[{"embeddable":true,"href":"https:\/\/as-aix.fr\/index.php\/wp-json\/wp\/v2\/users\/1"}],"replies":[{"embeddable":true,"href":"https:\/\/as-aix.fr\/index.php\/wp-json\/wp\/v2\/comments?post=8472"}],"version-history":[{"count":0,"href":"https:\/\/as-aix.fr\/index.php\/wp-json\/wp\/v2\/posts\/8472\/revisions"}],"wp:featuredmedia":[{"embeddable":true,"href":"https:\/\/as-aix.fr\/index.php\/wp-json\/wp\/v2\/media\/8473"}],"wp:attachment":[{"href":"https:\/\/as-aix.fr\/index.php\/wp-json\/wp\/v2\/media?parent=8472"}],"wp:term":[{"taxonomy":"category","embeddable":true,"href":"https:\/\/as-aix.fr\/index.php\/wp-json\/wp\/v2\/categories?post=8472"},{"taxonomy":"post_tag","embeddable":true,"href":"https:\/\/as-aix.fr\/index.php\/wp-json\/wp\/v2\/tags?post=8472"}],"curies":[{"name":"wp","href":"https:\/\/api.w.org\/{rel}","templated":true}]}}