{"id":8407,"date":"2023-01-05T12:33:42","date_gmt":"2023-01-05T11:33:42","guid":{"rendered":"https:\/\/as-aix.fr\/?p=8407"},"modified":"2023-01-05T12:33:43","modified_gmt":"2023-01-05T11:33:43","slug":"bienvenue-osman","status":"publish","type":"post","link":"https:\/\/as-aix.fr\/index.php\/2023\/01\/05\/bienvenue-osman\/","title":{"rendered":"Bienvenue Osman"},"content":{"rendered":"\n<p>L&rsquo;ASA est heureuse de vous annoncer l&rsquo;arriv\u00e9e de comp\u00e9tences fortes au sein du club<\/p>\n\n\n\n<p>\ud83e\udd1d Nous avons confi\u00e9 l\u2019\u00e9quipe U18 \u00e0 <a href=\"https:\/\/fr.linkedin.com\/in\/attaher-omer-osman-9a5a10a8?trk=public_post-text\" target=\"_blank\" rel=\"noreferrer noopener\">Attaher OMER OSMAN<\/a>. Avec la double casquette analyste vid\u00e9o et entra\u00eeneur, il emm\u00e8ne avec lui un d\u00e9but de carri\u00e8re s\u00e9duisant et riche d\u2019enseignement.\ud83d\udc47<\/p>\n\n\n\n<p> \ud83c\udf9e\ufe0f Analyste vid\u00e9o : \u27a1\ufe0f Pole Espoirs de la Ligue M\u00e9diterran\u00e9e \u27a1\ufe0f s\u00e9lection de la Martinique \u27a1\ufe0f s\u00e9lection U20 du Nigeria lors de la Coupe du Monde 2\ufe0f\u20e30\ufe0f\u20e31\ufe0f\u20e39\ufe0f\u20e3 (\u00e9limin\u00e9 en 1\/8 de finales) ***meilleur buteur de la comp\u00e9tition Haaland (Manchester City) <\/p>\n\n\n\n<p>\ud83c\udfcb\ufe0f\u2642\ufe0f Entraineur : \u27a1\ufe0f N3 Athletico Marseille, \u00e9quipe avec laquelle il participe \u00e0 un 16e de finale de Coupe de France face au Stade Rennais \u2728 belle deuxi\u00e8me partie de saison \u00e0 toi<\/p>\n","protected":false},"excerpt":{"rendered":"<p>L&rsquo;ASA est heureuse de vous annoncer l&rsquo;arriv\u00e9e de comp\u00e9tences fortes au sein du club \ud83e\udd1d Nous avons confi\u00e9 l\u2019\u00e9quipe U18 \u00e0 Attaher OMER OSMAN. Avec la double casquette analyste vid\u00e9o et entra\u00eeneur, il emm\u00e8ne avec lui un d\u00e9but de carri\u00e8re s\u00e9duisant et riche d\u2019enseignement.\ud83d\udc47 \ud83c\udf9e\ufe0f Analyste vid\u00e9o : \u27a1\ufe0f Pole Espoirs de la Ligue M\u00e9diterran\u00e9e [&hellip;]<\/p>\n","protected":false},"author":1,"featured_media":8405,"comment_status":"open","ping_status":"open","sticky":false,"template":"","format":"standard","meta":{"footnotes":""},"categories":[78],"tags":[85],"class_list":["post-8407","post","type-post","status-publish","format-standard","has-post-thumbnail","hentry","category-club","tag-formation"],"yoast_head":"<!-- This site is optimized with the Yoast SEO plugin v23.4 - https:\/\/yoast.com\/wordpress\/plugins\/seo\/ -->\n<title>Bienvenue Osman -<\/title>\n<meta name=\"description\" content=\"Tous les articles et news du club de football de l&#039;association sportive Aix-en-Provence dans les bouches du Rh\u00f4ne.\" \/>\n<meta name=\"robots\" content=\"noindex, follow, max-snippet:-1, max-image-preview:large, max-video-preview:-1\" \/>\n<meta property=\"og:locale\" content=\"fr_FR\" \/>\n<meta property=\"og:type\" content=\"article\" \/>\n<meta property=\"og:title\" content=\"Bienvenue Osman -\" \/>\n<meta property=\"og:description\" content=\"Tous les articles et news du club de football de l&#039;association sportive Aix-en-Provence dans les bouches du Rh\u00f4ne.\" \/>\n<meta property=\"og:url\" content=\"https:\/\/as-aix.fr\/index.php\/2023\/01\/05\/bienvenue-osman\/\" \/>\n<meta property=\"article:published_time\" content=\"2023-01-05T11:33:42+00:00\" \/>\n<meta property=\"article:modified_time\" content=\"2023-01-05T11:33:43+00:00\" \/>\n<meta property=\"og:image\" content=\"https:\/\/as-aix.fr\/wp-content\/uploads\/2023\/01\/asa-1.jpg\" \/>\n\t<meta property=\"og:image:width\" content=\"1024\" \/>\n\t<meta property=\"og:image:height\" content=\"769\" \/>\n\t<meta property=\"og:image:type\" content=\"image\/jpeg\" \/>\n<meta name=\"author\" content=\"ASA\" \/>\n<meta name=\"twitter:card\" content=\"summary_large_image\" \/>\n<script type=\"application\/ld+json\" class=\"yoast-schema-graph\">{\"@context\":\"https:\/\/schema.org\",\"@graph\":[{\"@type\":\"Article\",\"@id\":\"https:\/\/as-aix.fr\/index.php\/2023\/01\/05\/bienvenue-osman\/#article\",\"isPartOf\":{\"@id\":\"https:\/\/as-aix.fr\/index.php\/2023\/01\/05\/bienvenue-osman\/\"},\"author\":{\"name\":\"ASA\",\"@id\":\"https:\/\/as-aix.fr\/#\/schema\/person\/321022093861fa67370f9c542e4785c3\"},\"headline\":\"Bienvenue Osman\",\"datePublished\":\"2023-01-05T11:33:42+00:00\",\"dateModified\":\"2023-01-05T11:33:43+00:00\",\"mainEntityOfPage\":{\"@id\":\"https:\/\/as-aix.fr\/index.php\/2023\/01\/05\/bienvenue-osman\/\"},\"wordCount\":122,\"commentCount\":0,\"publisher\":{\"@id\":\"https:\/\/as-aix.fr\/#organization\"},\"image\":{\"@id\":\"https:\/\/as-aix.fr\/index.php\/2023\/01\/05\/bienvenue-osman\/#primaryimage\"},\"thumbnailUrl\":\"https:\/\/as-aix.fr\/wp-content\/uploads\/2023\/01\/asa-1.jpg\",\"keywords\":[\"Formation\"],\"articleSection\":[\"Club\"],\"inLanguage\":\"fr-FR\",\"potentialAction\":[{\"@type\":\"CommentAction\",\"name\":\"Comment\",\"target\":[\"https:\/\/as-aix.fr\/index.php\/2023\/01\/05\/bienvenue-osman\/#respond\"]}]},{\"@type\":\"WebPage\",\"@id\":\"https:\/\/as-aix.fr\/index.php\/2023\/01\/05\/bienvenue-osman\/\",\"url\":\"https:\/\/as-aix.fr\/index.php\/2023\/01\/05\/bienvenue-osman\/\",\"name\":\"Bienvenue Osman -\",\"isPartOf\":{\"@id\":\"https:\/\/as-aix.fr\/#website\"},\"primaryImageOfPage\":{\"@id\":\"https:\/\/as-aix.fr\/index.php\/2023\/01\/05\/bienvenue-osman\/#primaryimage\"},\"image\":{\"@id\":\"https:\/\/as-aix.fr\/index.php\/2023\/01\/05\/bienvenue-osman\/#primaryimage\"},\"thumbnailUrl\":\"https:\/\/as-aix.fr\/wp-content\/uploads\/2023\/01\/asa-1.jpg\",\"datePublished\":\"2023-01-05T11:33:42+00:00\",\"dateModified\":\"2023-01-05T11:33:43+00:00\",\"description\":\"Tous les articles et news du club de football de l'association sportive Aix-en-Provence dans les bouches du Rh\u00f4ne.\",\"breadcrumb\":{\"@id\":\"https:\/\/as-aix.fr\/index.php\/2023\/01\/05\/bienvenue-osman\/#breadcrumb\"},\"inLanguage\":\"fr-FR\",\"potentialAction\":[{\"@type\":\"ReadAction\",\"target\":[\"https:\/\/as-aix.fr\/index.php\/2023\/01\/05\/bienvenue-osman\/\"]}]},{\"@type\":\"ImageObject\",\"inLanguage\":\"fr-FR\",\"@id\":\"https:\/\/as-aix.fr\/index.php\/2023\/01\/05\/bienvenue-osman\/#primaryimage\",\"url\":\"https:\/\/as-aix.fr\/wp-content\/uploads\/2023\/01\/asa-1.jpg\",\"contentUrl\":\"https:\/\/as-aix.fr\/wp-content\/uploads\/2023\/01\/asa-1.jpg\",\"width\":1024,\"height\":769},{\"@type\":\"BreadcrumbList\",\"@id\":\"https:\/\/as-aix.fr\/index.php\/2023\/01\/05\/bienvenue-osman\/#breadcrumb\",\"itemListElement\":[{\"@type\":\"ListItem\",\"position\":1,\"name\":\"Accueil\",\"item\":\"https:\/\/as-aix.fr\/\"},{\"@type\":\"ListItem\",\"position\":2,\"name\":\"Bienvenue Osman\"}]},{\"@type\":\"WebSite\",\"@id\":\"https:\/\/as-aix.fr\/#website\",\"url\":\"https:\/\/as-aix.fr\/\",\"name\":\"\",\"description\":\"Association Sportive Aix-en-Provence\",\"publisher\":{\"@id\":\"https:\/\/as-aix.fr\/#organization\"},\"potentialAction\":[{\"@type\":\"SearchAction\",\"target\":{\"@type\":\"EntryPoint\",\"urlTemplate\":\"https:\/\/as-aix.fr\/?s={search_term_string}\"},\"query-input\":{\"@type\":\"PropertyValueSpecification\",\"valueRequired\":true,\"valueName\":\"search_term_string\"}}],\"inLanguage\":\"fr-FR\"},{\"@type\":\"Organization\",\"@id\":\"https:\/\/as-aix.fr\/#organization\",\"name\":\"Association Sportive Aix-en-Provence\",\"url\":\"https:\/\/as-aix.fr\/\",\"logo\":{\"@type\":\"ImageObject\",\"inLanguage\":\"fr-FR\",\"@id\":\"https:\/\/as-aix.fr\/#\/schema\/logo\/image\/\",\"url\":\"https:\/\/as-aix.fr\/wp-content\/uploads\/2017\/03\/flag-asa.png\",\"contentUrl\":\"https:\/\/as-aix.fr\/wp-content\/uploads\/2017\/03\/flag-asa.png\",\"width\":110,\"height\":119,\"caption\":\"Association Sportive Aix-en-Provence\"},\"image\":{\"@id\":\"https:\/\/as-aix.fr\/#\/schema\/logo\/image\/\"}},{\"@type\":\"Person\",\"@id\":\"https:\/\/as-aix.fr\/#\/schema\/person\/321022093861fa67370f9c542e4785c3\",\"name\":\"ASA\",\"image\":{\"@type\":\"ImageObject\",\"inLanguage\":\"fr-FR\",\"@id\":\"https:\/\/as-aix.fr\/#\/schema\/person\/image\/\",\"url\":\"https:\/\/as-aix.fr\/wp-content\/uploads\/2021\/03\/avatar.png\",\"contentUrl\":\"https:\/\/as-aix.fr\/wp-content\/uploads\/2021\/03\/avatar.png\",\"caption\":\"ASA\"},\"sameAs\":[\"http:\/\/as-aix.fr\"]}]}<\/script>\n<!-- \/ Yoast SEO plugin. -->","yoast_head_json":{"title":"Bienvenue Osman -","description":"Tous les articles et news du club de football de l'association sportive Aix-en-Provence dans les bouches du Rh\u00f4ne.","robots":{"index":"noindex","follow":"follow","max-snippet":"max-snippet:-1","max-image-preview":"max-image-preview:large","max-video-preview":"max-video-preview:-1"},"og_locale":"fr_FR","og_type":"article","og_title":"Bienvenue Osman -","og_description":"Tous les articles et news du club de football de l'association sportive Aix-en-Provence dans les bouches du Rh\u00f4ne.","og_url":"https:\/\/as-aix.fr\/index.php\/2023\/01\/05\/bienvenue-osman\/","article_published_time":"2023-01-05T11:33:42+00:00","article_modified_time":"2023-01-05T11:33:43+00:00","og_image":[{"width":1024,"height":769,"url":"https:\/\/as-aix.fr\/wp-content\/uploads\/2023\/01\/asa-1.jpg","type":"image\/jpeg"}],"author":"ASA","twitter_card":"summary_large_image","schema":{"@context":"https:\/\/schema.org","@graph":[{"@type":"Article","@id":"https:\/\/as-aix.fr\/index.php\/2023\/01\/05\/bienvenue-osman\/#article","isPartOf":{"@id":"https:\/\/as-aix.fr\/index.php\/2023\/01\/05\/bienvenue-osman\/"},"author":{"name":"ASA","@id":"https:\/\/as-aix.fr\/#\/schema\/person\/321022093861fa67370f9c542e4785c3"},"headline":"Bienvenue Osman","datePublished":"2023-01-05T11:33:42+00:00","dateModified":"2023-01-05T11:33:43+00:00","mainEntityOfPage":{"@id":"https:\/\/as-aix.fr\/index.php\/2023\/01\/05\/bienvenue-osman\/"},"wordCount":122,"commentCount":0,"publisher":{"@id":"https:\/\/as-aix.fr\/#organization"},"image":{"@id":"https:\/\/as-aix.fr\/index.php\/2023\/01\/05\/bienvenue-osman\/#primaryimage"},"thumbnailUrl":"https:\/\/as-aix.fr\/wp-content\/uploads\/2023\/01\/asa-1.jpg","keywords":["Formation"],"articleSection":["Club"],"inLanguage":"fr-FR","potentialAction":[{"@type":"CommentAction","name":"Comment","target":["https:\/\/as-aix.fr\/index.php\/2023\/01\/05\/bienvenue-osman\/#respond"]}]},{"@type":"WebPage","@id":"https:\/\/as-aix.fr\/index.php\/2023\/01\/05\/bienvenue-osman\/","url":"https:\/\/as-aix.fr\/index.php\/2023\/01\/05\/bienvenue-osman\/","name":"Bienvenue Osman -","isPartOf":{"@id":"https:\/\/as-aix.fr\/#website"},"primaryImageOfPage":{"@id":"https:\/\/as-aix.fr\/index.php\/2023\/01\/05\/bienvenue-osman\/#primaryimage"},"image":{"@id":"https:\/\/as-aix.fr\/index.php\/2023\/01\/05\/bienvenue-osman\/#primaryimage"},"thumbnailUrl":"https:\/\/as-aix.fr\/wp-content\/uploads\/2023\/01\/asa-1.jpg","datePublished":"2023-01-05T11:33:42+00:00","dateModified":"2023-01-05T11:33:43+00:00","description":"Tous les articles et news du club de football de l'association sportive Aix-en-Provence dans les bouches du Rh\u00f4ne.","breadcrumb":{"@id":"https:\/\/as-aix.fr\/index.php\/2023\/01\/05\/bienvenue-osman\/#breadcrumb"},"inLanguage":"fr-FR","potentialAction":[{"@type":"ReadAction","target":["https:\/\/as-aix.fr\/index.php\/2023\/01\/05\/bienvenue-osman\/"]}]},{"@type":"ImageObject","inLanguage":"fr-FR","@id":"https:\/\/as-aix.fr\/index.php\/2023\/01\/05\/bienvenue-osman\/#primaryimage","url":"https:\/\/as-aix.fr\/wp-content\/uploads\/2023\/01\/asa-1.jpg","contentUrl":"https:\/\/as-aix.fr\/wp-content\/uploads\/2023\/01\/asa-1.jpg","width":1024,"height":769},{"@type":"BreadcrumbList","@id":"https:\/\/as-aix.fr\/index.php\/2023\/01\/05\/bienvenue-osman\/#breadcrumb","itemListElement":[{"@type":"ListItem","position":1,"name":"Accueil","item":"https:\/\/as-aix.fr\/"},{"@type":"ListItem","position":2,"name":"Bienvenue Osman"}]},{"@type":"WebSite","@id":"https:\/\/as-aix.fr\/#website","url":"https:\/\/as-aix.fr\/","name":"","description":"Association Sportive Aix-en-Provence","publisher":{"@id":"https:\/\/as-aix.fr\/#organization"},"potentialAction":[{"@type":"SearchAction","target":{"@type":"EntryPoint","urlTemplate":"https:\/\/as-aix.fr\/?s={search_term_string}"},"query-input":{"@type":"PropertyValueSpecification","valueRequired":true,"valueName":"search_term_string"}}],"inLanguage":"fr-FR"},{"@type":"Organization","@id":"https:\/\/as-aix.fr\/#organization","name":"Association Sportive Aix-en-Provence","url":"https:\/\/as-aix.fr\/","logo":{"@type":"ImageObject","inLanguage":"fr-FR","@id":"https:\/\/as-aix.fr\/#\/schema\/logo\/image\/","url":"https:\/\/as-aix.fr\/wp-content\/uploads\/2017\/03\/flag-asa.png","contentUrl":"https:\/\/as-aix.fr\/wp-content\/uploads\/2017\/03\/flag-asa.png","width":110,"height":119,"caption":"Association Sportive Aix-en-Provence"},"image":{"@id":"https:\/\/as-aix.fr\/#\/schema\/logo\/image\/"}},{"@type":"Person","@id":"https:\/\/as-aix.fr\/#\/schema\/person\/321022093861fa67370f9c542e4785c3","name":"ASA","image":{"@type":"ImageObject","inLanguage":"fr-FR","@id":"https:\/\/as-aix.fr\/#\/schema\/person\/image\/","url":"https:\/\/as-aix.fr\/wp-content\/uploads\/2021\/03\/avatar.png","contentUrl":"https:\/\/as-aix.fr\/wp-content\/uploads\/2021\/03\/avatar.png","caption":"ASA"},"sameAs":["http:\/\/as-aix.fr"]}]}},"_links":{"self":[{"href":"https:\/\/as-aix.fr\/index.php\/wp-json\/wp\/v2\/posts\/8407","targetHints":{"allow":["GET"]}}],"collection":[{"href":"https:\/\/as-aix.fr\/index.php\/wp-json\/wp\/v2\/posts"}],"about":[{"href":"https:\/\/as-aix.fr\/index.php\/wp-json\/wp\/v2\/types\/post"}],"author":[{"embeddable":true,"href":"https:\/\/as-aix.fr\/index.php\/wp-json\/wp\/v2\/users\/1"}],"replies":[{"embeddable":true,"href":"https:\/\/as-aix.fr\/index.php\/wp-json\/wp\/v2\/comments?post=8407"}],"version-history":[{"count":0,"href":"https:\/\/as-aix.fr\/index.php\/wp-json\/wp\/v2\/posts\/8407\/revisions"}],"wp:featuredmedia":[{"embeddable":true,"href":"https:\/\/as-aix.fr\/index.php\/wp-json\/wp\/v2\/media\/8405"}],"wp:attachment":[{"href":"https:\/\/as-aix.fr\/index.php\/wp-json\/wp\/v2\/media?parent=8407"}],"wp:term":[{"taxonomy":"category","embeddable":true,"href":"https:\/\/as-aix.fr\/index.php\/wp-json\/wp\/v2\/categories?post=8407"},{"taxonomy":"post_tag","embeddable":true,"href":"https:\/\/as-aix.fr\/index.php\/wp-json\/wp\/v2\/tags?post=8407"}],"curies":[{"name":"wp","href":"https:\/\/api.w.org\/{rel}","templated":true}]}}