{"id":8323,"date":"2022-11-21T11:54:01","date_gmt":"2022-11-21T10:54:01","guid":{"rendered":"https:\/\/as-aix.fr\/?p=8323"},"modified":"2022-11-30T00:48:20","modified_gmt":"2022-11-29T23:48:20","slug":"u15f","status":"publish","type":"post","link":"https:\/\/as-aix.fr\/index.php\/2022\/11\/21\/u15f\/","title":{"rendered":"U15F"},"content":{"rendered":"\n<p>U15F : retour sur le match contre \u00c9toile Huveaune (3-3).<\/p>\n\n\n\n<p>Merci \u00e0 notre gardienne de but, Emma Melliti, qui, en convalescence de sa blessure \u00e0 la cheville, a jou\u00e9 le r\u00f4le de photographe!<\/p>\n","protected":false},"excerpt":{"rendered":"<p>U15F : retour sur le match contre \u00c9toile Huveaune (3-3). Merci \u00e0 notre gardienne de but, Emma Melliti, qui, en convalescence de sa blessure \u00e0 la cheville, a jou\u00e9 le r\u00f4le de photographe!<\/p>\n","protected":false},"author":1,"featured_media":8324,"comment_status":"open","ping_status":"open","sticky":false,"template":"","format":"standard","meta":{"footnotes":""},"categories":[79],"tags":[84],"class_list":["post-8323","post","type-post","status-publish","format-standard","has-post-thumbnail","hentry","category-equipe","tag-feminines"],"yoast_head":"<!-- This site is optimized with the Yoast SEO plugin v23.4 - https:\/\/yoast.com\/wordpress\/plugins\/seo\/ -->\n<title>U15F -<\/title>\n<meta name=\"description\" content=\"Tous les articles et news du club de football de l&#039;association sportive Aix-en-Provence dans les bouches du Rh\u00f4ne.\" \/>\n<meta name=\"robots\" content=\"noindex, follow, max-snippet:-1, max-image-preview:large, max-video-preview:-1\" \/>\n<meta property=\"og:locale\" content=\"fr_FR\" \/>\n<meta property=\"og:type\" content=\"article\" \/>\n<meta property=\"og:title\" content=\"U15F -\" \/>\n<meta property=\"og:description\" content=\"Tous les articles et news du club de football de l&#039;association sportive Aix-en-Provence dans les bouches du Rh\u00f4ne.\" \/>\n<meta property=\"og:url\" content=\"https:\/\/as-aix.fr\/index.php\/2022\/11\/21\/u15f\/\" \/>\n<meta property=\"article:published_time\" content=\"2022-11-21T10:54:01+00:00\" \/>\n<meta property=\"article:modified_time\" content=\"2022-11-29T23:48:20+00:00\" \/>\n<meta property=\"og:image\" content=\"https:\/\/as-aix.fr\/wp-content\/uploads\/2022\/11\/asa.jpg\" \/>\n\t<meta property=\"og:image:width\" content=\"2048\" \/>\n\t<meta property=\"og:image:height\" content=\"1418\" \/>\n\t<meta property=\"og:image:type\" content=\"image\/jpeg\" \/>\n<meta name=\"author\" content=\"ASA\" \/>\n<meta name=\"twitter:card\" content=\"summary_large_image\" \/>\n<script type=\"application\/ld+json\" class=\"yoast-schema-graph\">{\"@context\":\"https:\/\/schema.org\",\"@graph\":[{\"@type\":\"Article\",\"@id\":\"https:\/\/as-aix.fr\/index.php\/2022\/11\/21\/u15f\/#article\",\"isPartOf\":{\"@id\":\"https:\/\/as-aix.fr\/index.php\/2022\/11\/21\/u15f\/\"},\"author\":{\"name\":\"ASA\",\"@id\":\"https:\/\/as-aix.fr\/#\/schema\/person\/321022093861fa67370f9c542e4785c3\"},\"headline\":\"U15F\",\"datePublished\":\"2022-11-21T10:54:01+00:00\",\"dateModified\":\"2022-11-29T23:48:20+00:00\",\"mainEntityOfPage\":{\"@id\":\"https:\/\/as-aix.fr\/index.php\/2022\/11\/21\/u15f\/\"},\"wordCount\":34,\"commentCount\":0,\"publisher\":{\"@id\":\"https:\/\/as-aix.fr\/#organization\"},\"image\":{\"@id\":\"https:\/\/as-aix.fr\/index.php\/2022\/11\/21\/u15f\/#primaryimage\"},\"thumbnailUrl\":\"https:\/\/as-aix.fr\/wp-content\/uploads\/2022\/11\/asa.jpg\",\"keywords\":[\"F\u00e9minines\"],\"articleSection\":[\"Equipe\"],\"inLanguage\":\"fr-FR\",\"potentialAction\":[{\"@type\":\"CommentAction\",\"name\":\"Comment\",\"target\":[\"https:\/\/as-aix.fr\/index.php\/2022\/11\/21\/u15f\/#respond\"]}]},{\"@type\":\"WebPage\",\"@id\":\"https:\/\/as-aix.fr\/index.php\/2022\/11\/21\/u15f\/\",\"url\":\"https:\/\/as-aix.fr\/index.php\/2022\/11\/21\/u15f\/\",\"name\":\"U15F -\",\"isPartOf\":{\"@id\":\"https:\/\/as-aix.fr\/#website\"},\"primaryImageOfPage\":{\"@id\":\"https:\/\/as-aix.fr\/index.php\/2022\/11\/21\/u15f\/#primaryimage\"},\"image\":{\"@id\":\"https:\/\/as-aix.fr\/index.php\/2022\/11\/21\/u15f\/#primaryimage\"},\"thumbnailUrl\":\"https:\/\/as-aix.fr\/wp-content\/uploads\/2022\/11\/asa.jpg\",\"datePublished\":\"2022-11-21T10:54:01+00:00\",\"dateModified\":\"2022-11-29T23:48:20+00:00\",\"description\":\"Tous les articles et news du club de football de l'association sportive Aix-en-Provence dans les bouches du Rh\u00f4ne.\",\"breadcrumb\":{\"@id\":\"https:\/\/as-aix.fr\/index.php\/2022\/11\/21\/u15f\/#breadcrumb\"},\"inLanguage\":\"fr-FR\",\"potentialAction\":[{\"@type\":\"ReadAction\",\"target\":[\"https:\/\/as-aix.fr\/index.php\/2022\/11\/21\/u15f\/\"]}]},{\"@type\":\"ImageObject\",\"inLanguage\":\"fr-FR\",\"@id\":\"https:\/\/as-aix.fr\/index.php\/2022\/11\/21\/u15f\/#primaryimage\",\"url\":\"https:\/\/as-aix.fr\/wp-content\/uploads\/2022\/11\/asa.jpg\",\"contentUrl\":\"https:\/\/as-aix.fr\/wp-content\/uploads\/2022\/11\/asa.jpg\",\"width\":2048,\"height\":1418},{\"@type\":\"BreadcrumbList\",\"@id\":\"https:\/\/as-aix.fr\/index.php\/2022\/11\/21\/u15f\/#breadcrumb\",\"itemListElement\":[{\"@type\":\"ListItem\",\"position\":1,\"name\":\"Accueil\",\"item\":\"https:\/\/as-aix.fr\/\"},{\"@type\":\"ListItem\",\"position\":2,\"name\":\"U15F\"}]},{\"@type\":\"WebSite\",\"@id\":\"https:\/\/as-aix.fr\/#website\",\"url\":\"https:\/\/as-aix.fr\/\",\"name\":\"\",\"description\":\"Association Sportive Aix-en-Provence\",\"publisher\":{\"@id\":\"https:\/\/as-aix.fr\/#organization\"},\"potentialAction\":[{\"@type\":\"SearchAction\",\"target\":{\"@type\":\"EntryPoint\",\"urlTemplate\":\"https:\/\/as-aix.fr\/?s={search_term_string}\"},\"query-input\":{\"@type\":\"PropertyValueSpecification\",\"valueRequired\":true,\"valueName\":\"search_term_string\"}}],\"inLanguage\":\"fr-FR\"},{\"@type\":\"Organization\",\"@id\":\"https:\/\/as-aix.fr\/#organization\",\"name\":\"Association Sportive Aix-en-Provence\",\"url\":\"https:\/\/as-aix.fr\/\",\"logo\":{\"@type\":\"ImageObject\",\"inLanguage\":\"fr-FR\",\"@id\":\"https:\/\/as-aix.fr\/#\/schema\/logo\/image\/\",\"url\":\"https:\/\/as-aix.fr\/wp-content\/uploads\/2017\/03\/flag-asa.png\",\"contentUrl\":\"https:\/\/as-aix.fr\/wp-content\/uploads\/2017\/03\/flag-asa.png\",\"width\":110,\"height\":119,\"caption\":\"Association Sportive Aix-en-Provence\"},\"image\":{\"@id\":\"https:\/\/as-aix.fr\/#\/schema\/logo\/image\/\"}},{\"@type\":\"Person\",\"@id\":\"https:\/\/as-aix.fr\/#\/schema\/person\/321022093861fa67370f9c542e4785c3\",\"name\":\"ASA\",\"image\":{\"@type\":\"ImageObject\",\"inLanguage\":\"fr-FR\",\"@id\":\"https:\/\/as-aix.fr\/#\/schema\/person\/image\/\",\"url\":\"https:\/\/as-aix.fr\/wp-content\/uploads\/2021\/03\/avatar.png\",\"contentUrl\":\"https:\/\/as-aix.fr\/wp-content\/uploads\/2021\/03\/avatar.png\",\"caption\":\"ASA\"},\"sameAs\":[\"http:\/\/as-aix.fr\"]}]}<\/script>\n<!-- \/ Yoast SEO plugin. -->","yoast_head_json":{"title":"U15F -","description":"Tous les articles et news du club de football de l'association sportive Aix-en-Provence dans les bouches du Rh\u00f4ne.","robots":{"index":"noindex","follow":"follow","max-snippet":"max-snippet:-1","max-image-preview":"max-image-preview:large","max-video-preview":"max-video-preview:-1"},"og_locale":"fr_FR","og_type":"article","og_title":"U15F -","og_description":"Tous les articles et news du club de football de l'association sportive Aix-en-Provence dans les bouches du Rh\u00f4ne.","og_url":"https:\/\/as-aix.fr\/index.php\/2022\/11\/21\/u15f\/","article_published_time":"2022-11-21T10:54:01+00:00","article_modified_time":"2022-11-29T23:48:20+00:00","og_image":[{"width":2048,"height":1418,"url":"https:\/\/as-aix.fr\/wp-content\/uploads\/2022\/11\/asa.jpg","type":"image\/jpeg"}],"author":"ASA","twitter_card":"summary_large_image","schema":{"@context":"https:\/\/schema.org","@graph":[{"@type":"Article","@id":"https:\/\/as-aix.fr\/index.php\/2022\/11\/21\/u15f\/#article","isPartOf":{"@id":"https:\/\/as-aix.fr\/index.php\/2022\/11\/21\/u15f\/"},"author":{"name":"ASA","@id":"https:\/\/as-aix.fr\/#\/schema\/person\/321022093861fa67370f9c542e4785c3"},"headline":"U15F","datePublished":"2022-11-21T10:54:01+00:00","dateModified":"2022-11-29T23:48:20+00:00","mainEntityOfPage":{"@id":"https:\/\/as-aix.fr\/index.php\/2022\/11\/21\/u15f\/"},"wordCount":34,"commentCount":0,"publisher":{"@id":"https:\/\/as-aix.fr\/#organization"},"image":{"@id":"https:\/\/as-aix.fr\/index.php\/2022\/11\/21\/u15f\/#primaryimage"},"thumbnailUrl":"https:\/\/as-aix.fr\/wp-content\/uploads\/2022\/11\/asa.jpg","keywords":["F\u00e9minines"],"articleSection":["Equipe"],"inLanguage":"fr-FR","potentialAction":[{"@type":"CommentAction","name":"Comment","target":["https:\/\/as-aix.fr\/index.php\/2022\/11\/21\/u15f\/#respond"]}]},{"@type":"WebPage","@id":"https:\/\/as-aix.fr\/index.php\/2022\/11\/21\/u15f\/","url":"https:\/\/as-aix.fr\/index.php\/2022\/11\/21\/u15f\/","name":"U15F -","isPartOf":{"@id":"https:\/\/as-aix.fr\/#website"},"primaryImageOfPage":{"@id":"https:\/\/as-aix.fr\/index.php\/2022\/11\/21\/u15f\/#primaryimage"},"image":{"@id":"https:\/\/as-aix.fr\/index.php\/2022\/11\/21\/u15f\/#primaryimage"},"thumbnailUrl":"https:\/\/as-aix.fr\/wp-content\/uploads\/2022\/11\/asa.jpg","datePublished":"2022-11-21T10:54:01+00:00","dateModified":"2022-11-29T23:48:20+00:00","description":"Tous les articles et news du club de football de l'association sportive Aix-en-Provence dans les bouches du Rh\u00f4ne.","breadcrumb":{"@id":"https:\/\/as-aix.fr\/index.php\/2022\/11\/21\/u15f\/#breadcrumb"},"inLanguage":"fr-FR","potentialAction":[{"@type":"ReadAction","target":["https:\/\/as-aix.fr\/index.php\/2022\/11\/21\/u15f\/"]}]},{"@type":"ImageObject","inLanguage":"fr-FR","@id":"https:\/\/as-aix.fr\/index.php\/2022\/11\/21\/u15f\/#primaryimage","url":"https:\/\/as-aix.fr\/wp-content\/uploads\/2022\/11\/asa.jpg","contentUrl":"https:\/\/as-aix.fr\/wp-content\/uploads\/2022\/11\/asa.jpg","width":2048,"height":1418},{"@type":"BreadcrumbList","@id":"https:\/\/as-aix.fr\/index.php\/2022\/11\/21\/u15f\/#breadcrumb","itemListElement":[{"@type":"ListItem","position":1,"name":"Accueil","item":"https:\/\/as-aix.fr\/"},{"@type":"ListItem","position":2,"name":"U15F"}]},{"@type":"WebSite","@id":"https:\/\/as-aix.fr\/#website","url":"https:\/\/as-aix.fr\/","name":"","description":"Association Sportive Aix-en-Provence","publisher":{"@id":"https:\/\/as-aix.fr\/#organization"},"potentialAction":[{"@type":"SearchAction","target":{"@type":"EntryPoint","urlTemplate":"https:\/\/as-aix.fr\/?s={search_term_string}"},"query-input":{"@type":"PropertyValueSpecification","valueRequired":true,"valueName":"search_term_string"}}],"inLanguage":"fr-FR"},{"@type":"Organization","@id":"https:\/\/as-aix.fr\/#organization","name":"Association Sportive Aix-en-Provence","url":"https:\/\/as-aix.fr\/","logo":{"@type":"ImageObject","inLanguage":"fr-FR","@id":"https:\/\/as-aix.fr\/#\/schema\/logo\/image\/","url":"https:\/\/as-aix.fr\/wp-content\/uploads\/2017\/03\/flag-asa.png","contentUrl":"https:\/\/as-aix.fr\/wp-content\/uploads\/2017\/03\/flag-asa.png","width":110,"height":119,"caption":"Association Sportive Aix-en-Provence"},"image":{"@id":"https:\/\/as-aix.fr\/#\/schema\/logo\/image\/"}},{"@type":"Person","@id":"https:\/\/as-aix.fr\/#\/schema\/person\/321022093861fa67370f9c542e4785c3","name":"ASA","image":{"@type":"ImageObject","inLanguage":"fr-FR","@id":"https:\/\/as-aix.fr\/#\/schema\/person\/image\/","url":"https:\/\/as-aix.fr\/wp-content\/uploads\/2021\/03\/avatar.png","contentUrl":"https:\/\/as-aix.fr\/wp-content\/uploads\/2021\/03\/avatar.png","caption":"ASA"},"sameAs":["http:\/\/as-aix.fr"]}]}},"_links":{"self":[{"href":"https:\/\/as-aix.fr\/index.php\/wp-json\/wp\/v2\/posts\/8323","targetHints":{"allow":["GET"]}}],"collection":[{"href":"https:\/\/as-aix.fr\/index.php\/wp-json\/wp\/v2\/posts"}],"about":[{"href":"https:\/\/as-aix.fr\/index.php\/wp-json\/wp\/v2\/types\/post"}],"author":[{"embeddable":true,"href":"https:\/\/as-aix.fr\/index.php\/wp-json\/wp\/v2\/users\/1"}],"replies":[{"embeddable":true,"href":"https:\/\/as-aix.fr\/index.php\/wp-json\/wp\/v2\/comments?post=8323"}],"version-history":[{"count":0,"href":"https:\/\/as-aix.fr\/index.php\/wp-json\/wp\/v2\/posts\/8323\/revisions"}],"wp:featuredmedia":[{"embeddable":true,"href":"https:\/\/as-aix.fr\/index.php\/wp-json\/wp\/v2\/media\/8324"}],"wp:attachment":[{"href":"https:\/\/as-aix.fr\/index.php\/wp-json\/wp\/v2\/media?parent=8323"}],"wp:term":[{"taxonomy":"category","embeddable":true,"href":"https:\/\/as-aix.fr\/index.php\/wp-json\/wp\/v2\/categories?post=8323"},{"taxonomy":"post_tag","embeddable":true,"href":"https:\/\/as-aix.fr\/index.php\/wp-json\/wp\/v2\/tags?post=8323"}],"curies":[{"name":"wp","href":"https:\/\/api.w.org\/{rel}","templated":true}]}}