{"id":8010,"date":"2022-10-31T10:21:34","date_gmt":"2022-10-31T09:21:34","guid":{"rendered":"https:\/\/as-aix.fr\/?p=8010"},"modified":"2022-10-31T10:21:53","modified_gmt":"2022-10-31T09:21:53","slug":"recompense-carton-vert","status":"publish","type":"post","link":"https:\/\/as-aix.fr\/index.php\/2022\/10\/31\/recompense-carton-vert\/","title":{"rendered":"R\u00e9compense &#8211; carton vert"},"content":{"rendered":"\n<p>Nos deux joueuses U18F, Emma Bezombes et Danielle Eyinga Ebanga ont \u00e9t\u00e9 re\u00e7ues au Centre de Performance de l\u2019AS Monaco pour se voir r\u00e9compens\u00e9es par le Pr\u00e9sident de la Ligue M\u00e9diterran\u00e9e, \u00c9ric Borghini, dans le cadre du dispositif \u00ab Carton Vert \u00bb pour leur comportement exemplaire sur le terrain.<\/p>\n\n\n\n<p>Avec leur \u00e9ducateur, Vincent Bezombes, elles assisteront cet apr\u00e8s-midi au match AS Monaco &#8211; SCO Angers au stade Louis II.<\/p>\n\n\n\n<p>L\u2019ASA est d\u2019autant plus fier que cela est \u00e0 l\u2019image de ce qui est inculqu\u00e9 \u00e0 tous nos jeunes : \u00eatre performant en match s\u2019accompagne toujours d\u2019un esprit fair-play.<\/p>\n\n\n\n<p>Bravo les filles!<\/p>\n","protected":false},"excerpt":{"rendered":"<p>Nos deux joueuses U18F, Emma Bezombes et Danielle Eyinga Ebanga ont \u00e9t\u00e9 re\u00e7ues au Centre de Performance de l\u2019AS Monaco pour se voir r\u00e9compens\u00e9es par le Pr\u00e9sident de la Ligue M\u00e9diterran\u00e9e, \u00c9ric Borghini, dans le cadre du dispositif \u00ab Carton Vert \u00bb pour leur comportement exemplaire sur le terrain. Avec leur \u00e9ducateur, Vincent Bezombes, elles [&hellip;]<\/p>\n","protected":false},"author":1,"featured_media":8011,"comment_status":"open","ping_status":"open","sticky":false,"template":"","format":"standard","meta":{"footnotes":""},"categories":[78],"tags":[84],"class_list":["post-8010","post","type-post","status-publish","format-standard","has-post-thumbnail","hentry","category-club","tag-feminines"],"yoast_head":"<!-- This site is optimized with the Yoast SEO plugin v23.4 - https:\/\/yoast.com\/wordpress\/plugins\/seo\/ -->\n<title>R\u00e9compense - carton vert -<\/title>\n<meta name=\"description\" content=\"Tous les articles et news du club de football de l&#039;association sportive Aix-en-Provence dans les bouches du Rh\u00f4ne.\" \/>\n<meta name=\"robots\" content=\"noindex, follow, max-snippet:-1, max-image-preview:large, max-video-preview:-1\" \/>\n<meta property=\"og:locale\" content=\"fr_FR\" \/>\n<meta property=\"og:type\" content=\"article\" \/>\n<meta property=\"og:title\" content=\"R\u00e9compense - carton vert -\" \/>\n<meta property=\"og:description\" content=\"Tous les articles et news du club de football de l&#039;association sportive Aix-en-Provence dans les bouches du Rh\u00f4ne.\" \/>\n<meta property=\"og:url\" content=\"https:\/\/as-aix.fr\/index.php\/2022\/10\/31\/recompense-carton-vert\/\" \/>\n<meta property=\"article:published_time\" content=\"2022-10-31T09:21:34+00:00\" \/>\n<meta property=\"article:modified_time\" content=\"2022-10-31T09:21:53+00:00\" \/>\n<meta property=\"og:image\" content=\"https:\/\/as-aix.fr\/wp-content\/uploads\/2022\/10\/aix.jpg\" \/>\n\t<meta property=\"og:image:width\" content=\"1024\" \/>\n\t<meta property=\"og:image:height\" content=\"768\" \/>\n\t<meta property=\"og:image:type\" content=\"image\/jpeg\" \/>\n<meta name=\"author\" content=\"ASA\" \/>\n<meta name=\"twitter:card\" content=\"summary_large_image\" \/>\n<script type=\"application\/ld+json\" class=\"yoast-schema-graph\">{\"@context\":\"https:\/\/schema.org\",\"@graph\":[{\"@type\":\"Article\",\"@id\":\"https:\/\/as-aix.fr\/index.php\/2022\/10\/31\/recompense-carton-vert\/#article\",\"isPartOf\":{\"@id\":\"https:\/\/as-aix.fr\/index.php\/2022\/10\/31\/recompense-carton-vert\/\"},\"author\":{\"name\":\"ASA\",\"@id\":\"https:\/\/as-aix.fr\/#\/schema\/person\/321022093861fa67370f9c542e4785c3\"},\"headline\":\"R\u00e9compense &#8211; carton vert\",\"datePublished\":\"2022-10-31T09:21:34+00:00\",\"dateModified\":\"2022-10-31T09:21:53+00:00\",\"mainEntityOfPage\":{\"@id\":\"https:\/\/as-aix.fr\/index.php\/2022\/10\/31\/recompense-carton-vert\/\"},\"wordCount\":115,\"commentCount\":0,\"publisher\":{\"@id\":\"https:\/\/as-aix.fr\/#organization\"},\"image\":{\"@id\":\"https:\/\/as-aix.fr\/index.php\/2022\/10\/31\/recompense-carton-vert\/#primaryimage\"},\"thumbnailUrl\":\"https:\/\/as-aix.fr\/wp-content\/uploads\/2022\/10\/aix.jpg\",\"keywords\":[\"F\u00e9minines\"],\"articleSection\":[\"Club\"],\"inLanguage\":\"fr-FR\",\"potentialAction\":[{\"@type\":\"CommentAction\",\"name\":\"Comment\",\"target\":[\"https:\/\/as-aix.fr\/index.php\/2022\/10\/31\/recompense-carton-vert\/#respond\"]}]},{\"@type\":\"WebPage\",\"@id\":\"https:\/\/as-aix.fr\/index.php\/2022\/10\/31\/recompense-carton-vert\/\",\"url\":\"https:\/\/as-aix.fr\/index.php\/2022\/10\/31\/recompense-carton-vert\/\",\"name\":\"R\u00e9compense - carton vert -\",\"isPartOf\":{\"@id\":\"https:\/\/as-aix.fr\/#website\"},\"primaryImageOfPage\":{\"@id\":\"https:\/\/as-aix.fr\/index.php\/2022\/10\/31\/recompense-carton-vert\/#primaryimage\"},\"image\":{\"@id\":\"https:\/\/as-aix.fr\/index.php\/2022\/10\/31\/recompense-carton-vert\/#primaryimage\"},\"thumbnailUrl\":\"https:\/\/as-aix.fr\/wp-content\/uploads\/2022\/10\/aix.jpg\",\"datePublished\":\"2022-10-31T09:21:34+00:00\",\"dateModified\":\"2022-10-31T09:21:53+00:00\",\"description\":\"Tous les articles et news du club de football de l'association sportive Aix-en-Provence dans les bouches du Rh\u00f4ne.\",\"breadcrumb\":{\"@id\":\"https:\/\/as-aix.fr\/index.php\/2022\/10\/31\/recompense-carton-vert\/#breadcrumb\"},\"inLanguage\":\"fr-FR\",\"potentialAction\":[{\"@type\":\"ReadAction\",\"target\":[\"https:\/\/as-aix.fr\/index.php\/2022\/10\/31\/recompense-carton-vert\/\"]}]},{\"@type\":\"ImageObject\",\"inLanguage\":\"fr-FR\",\"@id\":\"https:\/\/as-aix.fr\/index.php\/2022\/10\/31\/recompense-carton-vert\/#primaryimage\",\"url\":\"https:\/\/as-aix.fr\/wp-content\/uploads\/2022\/10\/aix.jpg\",\"contentUrl\":\"https:\/\/as-aix.fr\/wp-content\/uploads\/2022\/10\/aix.jpg\",\"width\":1024,\"height\":768},{\"@type\":\"BreadcrumbList\",\"@id\":\"https:\/\/as-aix.fr\/index.php\/2022\/10\/31\/recompense-carton-vert\/#breadcrumb\",\"itemListElement\":[{\"@type\":\"ListItem\",\"position\":1,\"name\":\"Accueil\",\"item\":\"https:\/\/as-aix.fr\/\"},{\"@type\":\"ListItem\",\"position\":2,\"name\":\"R\u00e9compense &#8211; carton vert\"}]},{\"@type\":\"WebSite\",\"@id\":\"https:\/\/as-aix.fr\/#website\",\"url\":\"https:\/\/as-aix.fr\/\",\"name\":\"\",\"description\":\"Association Sportive Aix-en-Provence\",\"publisher\":{\"@id\":\"https:\/\/as-aix.fr\/#organization\"},\"potentialAction\":[{\"@type\":\"SearchAction\",\"target\":{\"@type\":\"EntryPoint\",\"urlTemplate\":\"https:\/\/as-aix.fr\/?s={search_term_string}\"},\"query-input\":{\"@type\":\"PropertyValueSpecification\",\"valueRequired\":true,\"valueName\":\"search_term_string\"}}],\"inLanguage\":\"fr-FR\"},{\"@type\":\"Organization\",\"@id\":\"https:\/\/as-aix.fr\/#organization\",\"name\":\"Association Sportive Aix-en-Provence\",\"url\":\"https:\/\/as-aix.fr\/\",\"logo\":{\"@type\":\"ImageObject\",\"inLanguage\":\"fr-FR\",\"@id\":\"https:\/\/as-aix.fr\/#\/schema\/logo\/image\/\",\"url\":\"https:\/\/as-aix.fr\/wp-content\/uploads\/2017\/03\/flag-asa.png\",\"contentUrl\":\"https:\/\/as-aix.fr\/wp-content\/uploads\/2017\/03\/flag-asa.png\",\"width\":110,\"height\":119,\"caption\":\"Association Sportive Aix-en-Provence\"},\"image\":{\"@id\":\"https:\/\/as-aix.fr\/#\/schema\/logo\/image\/\"}},{\"@type\":\"Person\",\"@id\":\"https:\/\/as-aix.fr\/#\/schema\/person\/321022093861fa67370f9c542e4785c3\",\"name\":\"ASA\",\"image\":{\"@type\":\"ImageObject\",\"inLanguage\":\"fr-FR\",\"@id\":\"https:\/\/as-aix.fr\/#\/schema\/person\/image\/\",\"url\":\"https:\/\/as-aix.fr\/wp-content\/uploads\/2021\/03\/avatar.png\",\"contentUrl\":\"https:\/\/as-aix.fr\/wp-content\/uploads\/2021\/03\/avatar.png\",\"caption\":\"ASA\"},\"sameAs\":[\"http:\/\/as-aix.fr\"]}]}<\/script>\n<!-- \/ Yoast SEO plugin. -->","yoast_head_json":{"title":"R\u00e9compense - carton vert -","description":"Tous les articles et news du club de football de l'association sportive Aix-en-Provence dans les bouches du Rh\u00f4ne.","robots":{"index":"noindex","follow":"follow","max-snippet":"max-snippet:-1","max-image-preview":"max-image-preview:large","max-video-preview":"max-video-preview:-1"},"og_locale":"fr_FR","og_type":"article","og_title":"R\u00e9compense - carton vert -","og_description":"Tous les articles et news du club de football de l'association sportive Aix-en-Provence dans les bouches du Rh\u00f4ne.","og_url":"https:\/\/as-aix.fr\/index.php\/2022\/10\/31\/recompense-carton-vert\/","article_published_time":"2022-10-31T09:21:34+00:00","article_modified_time":"2022-10-31T09:21:53+00:00","og_image":[{"width":1024,"height":768,"url":"https:\/\/as-aix.fr\/wp-content\/uploads\/2022\/10\/aix.jpg","type":"image\/jpeg"}],"author":"ASA","twitter_card":"summary_large_image","schema":{"@context":"https:\/\/schema.org","@graph":[{"@type":"Article","@id":"https:\/\/as-aix.fr\/index.php\/2022\/10\/31\/recompense-carton-vert\/#article","isPartOf":{"@id":"https:\/\/as-aix.fr\/index.php\/2022\/10\/31\/recompense-carton-vert\/"},"author":{"name":"ASA","@id":"https:\/\/as-aix.fr\/#\/schema\/person\/321022093861fa67370f9c542e4785c3"},"headline":"R\u00e9compense &#8211; carton vert","datePublished":"2022-10-31T09:21:34+00:00","dateModified":"2022-10-31T09:21:53+00:00","mainEntityOfPage":{"@id":"https:\/\/as-aix.fr\/index.php\/2022\/10\/31\/recompense-carton-vert\/"},"wordCount":115,"commentCount":0,"publisher":{"@id":"https:\/\/as-aix.fr\/#organization"},"image":{"@id":"https:\/\/as-aix.fr\/index.php\/2022\/10\/31\/recompense-carton-vert\/#primaryimage"},"thumbnailUrl":"https:\/\/as-aix.fr\/wp-content\/uploads\/2022\/10\/aix.jpg","keywords":["F\u00e9minines"],"articleSection":["Club"],"inLanguage":"fr-FR","potentialAction":[{"@type":"CommentAction","name":"Comment","target":["https:\/\/as-aix.fr\/index.php\/2022\/10\/31\/recompense-carton-vert\/#respond"]}]},{"@type":"WebPage","@id":"https:\/\/as-aix.fr\/index.php\/2022\/10\/31\/recompense-carton-vert\/","url":"https:\/\/as-aix.fr\/index.php\/2022\/10\/31\/recompense-carton-vert\/","name":"R\u00e9compense - carton vert -","isPartOf":{"@id":"https:\/\/as-aix.fr\/#website"},"primaryImageOfPage":{"@id":"https:\/\/as-aix.fr\/index.php\/2022\/10\/31\/recompense-carton-vert\/#primaryimage"},"image":{"@id":"https:\/\/as-aix.fr\/index.php\/2022\/10\/31\/recompense-carton-vert\/#primaryimage"},"thumbnailUrl":"https:\/\/as-aix.fr\/wp-content\/uploads\/2022\/10\/aix.jpg","datePublished":"2022-10-31T09:21:34+00:00","dateModified":"2022-10-31T09:21:53+00:00","description":"Tous les articles et news du club de football de l'association sportive Aix-en-Provence dans les bouches du Rh\u00f4ne.","breadcrumb":{"@id":"https:\/\/as-aix.fr\/index.php\/2022\/10\/31\/recompense-carton-vert\/#breadcrumb"},"inLanguage":"fr-FR","potentialAction":[{"@type":"ReadAction","target":["https:\/\/as-aix.fr\/index.php\/2022\/10\/31\/recompense-carton-vert\/"]}]},{"@type":"ImageObject","inLanguage":"fr-FR","@id":"https:\/\/as-aix.fr\/index.php\/2022\/10\/31\/recompense-carton-vert\/#primaryimage","url":"https:\/\/as-aix.fr\/wp-content\/uploads\/2022\/10\/aix.jpg","contentUrl":"https:\/\/as-aix.fr\/wp-content\/uploads\/2022\/10\/aix.jpg","width":1024,"height":768},{"@type":"BreadcrumbList","@id":"https:\/\/as-aix.fr\/index.php\/2022\/10\/31\/recompense-carton-vert\/#breadcrumb","itemListElement":[{"@type":"ListItem","position":1,"name":"Accueil","item":"https:\/\/as-aix.fr\/"},{"@type":"ListItem","position":2,"name":"R\u00e9compense &#8211; carton vert"}]},{"@type":"WebSite","@id":"https:\/\/as-aix.fr\/#website","url":"https:\/\/as-aix.fr\/","name":"","description":"Association Sportive Aix-en-Provence","publisher":{"@id":"https:\/\/as-aix.fr\/#organization"},"potentialAction":[{"@type":"SearchAction","target":{"@type":"EntryPoint","urlTemplate":"https:\/\/as-aix.fr\/?s={search_term_string}"},"query-input":{"@type":"PropertyValueSpecification","valueRequired":true,"valueName":"search_term_string"}}],"inLanguage":"fr-FR"},{"@type":"Organization","@id":"https:\/\/as-aix.fr\/#organization","name":"Association Sportive Aix-en-Provence","url":"https:\/\/as-aix.fr\/","logo":{"@type":"ImageObject","inLanguage":"fr-FR","@id":"https:\/\/as-aix.fr\/#\/schema\/logo\/image\/","url":"https:\/\/as-aix.fr\/wp-content\/uploads\/2017\/03\/flag-asa.png","contentUrl":"https:\/\/as-aix.fr\/wp-content\/uploads\/2017\/03\/flag-asa.png","width":110,"height":119,"caption":"Association Sportive Aix-en-Provence"},"image":{"@id":"https:\/\/as-aix.fr\/#\/schema\/logo\/image\/"}},{"@type":"Person","@id":"https:\/\/as-aix.fr\/#\/schema\/person\/321022093861fa67370f9c542e4785c3","name":"ASA","image":{"@type":"ImageObject","inLanguage":"fr-FR","@id":"https:\/\/as-aix.fr\/#\/schema\/person\/image\/","url":"https:\/\/as-aix.fr\/wp-content\/uploads\/2021\/03\/avatar.png","contentUrl":"https:\/\/as-aix.fr\/wp-content\/uploads\/2021\/03\/avatar.png","caption":"ASA"},"sameAs":["http:\/\/as-aix.fr"]}]}},"_links":{"self":[{"href":"https:\/\/as-aix.fr\/index.php\/wp-json\/wp\/v2\/posts\/8010","targetHints":{"allow":["GET"]}}],"collection":[{"href":"https:\/\/as-aix.fr\/index.php\/wp-json\/wp\/v2\/posts"}],"about":[{"href":"https:\/\/as-aix.fr\/index.php\/wp-json\/wp\/v2\/types\/post"}],"author":[{"embeddable":true,"href":"https:\/\/as-aix.fr\/index.php\/wp-json\/wp\/v2\/users\/1"}],"replies":[{"embeddable":true,"href":"https:\/\/as-aix.fr\/index.php\/wp-json\/wp\/v2\/comments?post=8010"}],"version-history":[{"count":0,"href":"https:\/\/as-aix.fr\/index.php\/wp-json\/wp\/v2\/posts\/8010\/revisions"}],"wp:featuredmedia":[{"embeddable":true,"href":"https:\/\/as-aix.fr\/index.php\/wp-json\/wp\/v2\/media\/8011"}],"wp:attachment":[{"href":"https:\/\/as-aix.fr\/index.php\/wp-json\/wp\/v2\/media?parent=8010"}],"wp:term":[{"taxonomy":"category","embeddable":true,"href":"https:\/\/as-aix.fr\/index.php\/wp-json\/wp\/v2\/categories?post=8010"},{"taxonomy":"post_tag","embeddable":true,"href":"https:\/\/as-aix.fr\/index.php\/wp-json\/wp\/v2\/tags?post=8010"}],"curies":[{"name":"wp","href":"https:\/\/api.w.org\/{rel}","templated":true}]}}