{"id":6668,"date":"2021-08-22T15:45:20","date_gmt":"2021-08-22T13:45:20","guid":{"rendered":"https:\/\/as-aix.fr\/?p=6668"},"modified":"2021-08-22T15:50:31","modified_gmt":"2021-08-22T13:50:31","slug":"debut-de-preparation-pour-les-u18-r1","status":"publish","type":"post","link":"https:\/\/as-aix.fr\/index.php\/2021\/08\/22\/debut-de-preparation-pour-les-u18-r1\/","title":{"rendered":"D\u00e9but de pr\u00e9paration pour les U18 R1"},"content":{"rendered":"\n<p>La reprise a \u00e9t\u00e9 entam\u00e9e il y a quelques jours, pour les U18 R1 sous la houlette des nouveaux coaches, K\u00e9vin Dorel et Corentin Courtet. Pour leur premier match amical, l&rsquo;ASA jouait contre l&rsquo;AS Gemenos et apr\u00e8s 3 p\u00e9riodes de 30 minutes, les deux \u00e9quipes n&rsquo;ont pas r\u00e9ussi \u00e0 se d\u00e9partager : score final 1-1.<\/p>\n\n\n\n<p>A noter que le match n&rsquo;est pas arriv\u00e9 \u00e0 son terme en raison de l&rsquo;intervention des pompiers apr\u00e8s la blessure au poignet d&rsquo;un joueur de Gemenos, \u00e0 qui nous souhaitons \u00e9videmment un prompt r\u00e9tablissement.<\/p>\n","protected":false},"excerpt":{"rendered":"<p>La reprise a \u00e9t\u00e9 entam\u00e9e il y a quelques jours, pour les U18 R1 sous la houlette des nouveaux coaches, K\u00e9vin Dorel et Corentin Courtet. Pour leur premier match amical, l&rsquo;ASA jouait contre l&rsquo;AS Gemenos et apr\u00e8s 3 p\u00e9riodes de 30 minutes, les deux \u00e9quipes n&rsquo;ont pas r\u00e9ussi \u00e0 se d\u00e9partager : score final 1-1. [&hellip;]<\/p>\n","protected":false},"author":1,"featured_media":6665,"comment_status":"open","ping_status":"open","sticky":false,"template":"","format":"standard","meta":{"footnotes":""},"categories":[78],"tags":[100],"class_list":["post-6668","post","type-post","status-publish","format-standard","has-post-thumbnail","hentry","category-club","tag-preparation"],"yoast_head":"<!-- This site is optimized with the Yoast SEO plugin v23.4 - https:\/\/yoast.com\/wordpress\/plugins\/seo\/ -->\n<title>D\u00e9but de pr\u00e9paration pour les U18 R1 -<\/title>\n<meta name=\"description\" content=\"Tous les articles et news du club de football de l&#039;association sportive Aix-en-Provence dans les bouches du Rh\u00f4ne.\" \/>\n<meta name=\"robots\" content=\"noindex, follow, max-snippet:-1, max-image-preview:large, max-video-preview:-1\" \/>\n<meta property=\"og:locale\" content=\"fr_FR\" \/>\n<meta property=\"og:type\" content=\"article\" \/>\n<meta property=\"og:title\" content=\"D\u00e9but de pr\u00e9paration pour les U18 R1 -\" \/>\n<meta property=\"og:description\" content=\"Tous les articles et news du club de football de l&#039;association sportive Aix-en-Provence dans les bouches du Rh\u00f4ne.\" \/>\n<meta property=\"og:url\" content=\"https:\/\/as-aix.fr\/index.php\/2021\/08\/22\/debut-de-preparation-pour-les-u18-r1\/\" \/>\n<meta property=\"article:published_time\" content=\"2021-08-22T13:45:20+00:00\" \/>\n<meta property=\"article:modified_time\" content=\"2021-08-22T13:50:31+00:00\" \/>\n<meta property=\"og:image\" content=\"https:\/\/as-aix.fr\/wp-content\/uploads\/2021\/08\/U18-R1-Gemenos.jpg\" \/>\n\t<meta property=\"og:image:width\" content=\"1320\" \/>\n\t<meta property=\"og:image:height\" content=\"795\" \/>\n\t<meta property=\"og:image:type\" content=\"image\/jpeg\" \/>\n<meta name=\"author\" content=\"ASA\" \/>\n<meta name=\"twitter:card\" content=\"summary_large_image\" \/>\n<script type=\"application\/ld+json\" class=\"yoast-schema-graph\">{\"@context\":\"https:\/\/schema.org\",\"@graph\":[{\"@type\":\"Article\",\"@id\":\"https:\/\/as-aix.fr\/index.php\/2021\/08\/22\/debut-de-preparation-pour-les-u18-r1\/#article\",\"isPartOf\":{\"@id\":\"https:\/\/as-aix.fr\/index.php\/2021\/08\/22\/debut-de-preparation-pour-les-u18-r1\/\"},\"author\":{\"name\":\"ASA\",\"@id\":\"https:\/\/as-aix.fr\/#\/schema\/person\/321022093861fa67370f9c542e4785c3\"},\"headline\":\"D\u00e9but de pr\u00e9paration pour les U18 R1\",\"datePublished\":\"2021-08-22T13:45:20+00:00\",\"dateModified\":\"2021-08-22T13:50:31+00:00\",\"mainEntityOfPage\":{\"@id\":\"https:\/\/as-aix.fr\/index.php\/2021\/08\/22\/debut-de-preparation-pour-les-u18-r1\/\"},\"wordCount\":100,\"commentCount\":0,\"publisher\":{\"@id\":\"https:\/\/as-aix.fr\/#organization\"},\"image\":{\"@id\":\"https:\/\/as-aix.fr\/index.php\/2021\/08\/22\/debut-de-preparation-pour-les-u18-r1\/#primaryimage\"},\"thumbnailUrl\":\"https:\/\/as-aix.fr\/wp-content\/uploads\/2021\/08\/U18-R1-Gemenos.jpg\",\"keywords\":[\"Pr\u00e9paration\"],\"articleSection\":[\"Club\"],\"inLanguage\":\"fr-FR\",\"potentialAction\":[{\"@type\":\"CommentAction\",\"name\":\"Comment\",\"target\":[\"https:\/\/as-aix.fr\/index.php\/2021\/08\/22\/debut-de-preparation-pour-les-u18-r1\/#respond\"]}]},{\"@type\":\"WebPage\",\"@id\":\"https:\/\/as-aix.fr\/index.php\/2021\/08\/22\/debut-de-preparation-pour-les-u18-r1\/\",\"url\":\"https:\/\/as-aix.fr\/index.php\/2021\/08\/22\/debut-de-preparation-pour-les-u18-r1\/\",\"name\":\"D\u00e9but de pr\u00e9paration pour les U18 R1 -\",\"isPartOf\":{\"@id\":\"https:\/\/as-aix.fr\/#website\"},\"primaryImageOfPage\":{\"@id\":\"https:\/\/as-aix.fr\/index.php\/2021\/08\/22\/debut-de-preparation-pour-les-u18-r1\/#primaryimage\"},\"image\":{\"@id\":\"https:\/\/as-aix.fr\/index.php\/2021\/08\/22\/debut-de-preparation-pour-les-u18-r1\/#primaryimage\"},\"thumbnailUrl\":\"https:\/\/as-aix.fr\/wp-content\/uploads\/2021\/08\/U18-R1-Gemenos.jpg\",\"datePublished\":\"2021-08-22T13:45:20+00:00\",\"dateModified\":\"2021-08-22T13:50:31+00:00\",\"description\":\"Tous les articles et news du club de football de l'association sportive Aix-en-Provence dans les bouches du Rh\u00f4ne.\",\"breadcrumb\":{\"@id\":\"https:\/\/as-aix.fr\/index.php\/2021\/08\/22\/debut-de-preparation-pour-les-u18-r1\/#breadcrumb\"},\"inLanguage\":\"fr-FR\",\"potentialAction\":[{\"@type\":\"ReadAction\",\"target\":[\"https:\/\/as-aix.fr\/index.php\/2021\/08\/22\/debut-de-preparation-pour-les-u18-r1\/\"]}]},{\"@type\":\"ImageObject\",\"inLanguage\":\"fr-FR\",\"@id\":\"https:\/\/as-aix.fr\/index.php\/2021\/08\/22\/debut-de-preparation-pour-les-u18-r1\/#primaryimage\",\"url\":\"https:\/\/as-aix.fr\/wp-content\/uploads\/2021\/08\/U18-R1-Gemenos.jpg\",\"contentUrl\":\"https:\/\/as-aix.fr\/wp-content\/uploads\/2021\/08\/U18-R1-Gemenos.jpg\",\"width\":1320,\"height\":795},{\"@type\":\"BreadcrumbList\",\"@id\":\"https:\/\/as-aix.fr\/index.php\/2021\/08\/22\/debut-de-preparation-pour-les-u18-r1\/#breadcrumb\",\"itemListElement\":[{\"@type\":\"ListItem\",\"position\":1,\"name\":\"Accueil\",\"item\":\"https:\/\/as-aix.fr\/\"},{\"@type\":\"ListItem\",\"position\":2,\"name\":\"D\u00e9but de pr\u00e9paration pour les U18 R1\"}]},{\"@type\":\"WebSite\",\"@id\":\"https:\/\/as-aix.fr\/#website\",\"url\":\"https:\/\/as-aix.fr\/\",\"name\":\"\",\"description\":\"Association Sportive Aix-en-Provence\",\"publisher\":{\"@id\":\"https:\/\/as-aix.fr\/#organization\"},\"potentialAction\":[{\"@type\":\"SearchAction\",\"target\":{\"@type\":\"EntryPoint\",\"urlTemplate\":\"https:\/\/as-aix.fr\/?s={search_term_string}\"},\"query-input\":{\"@type\":\"PropertyValueSpecification\",\"valueRequired\":true,\"valueName\":\"search_term_string\"}}],\"inLanguage\":\"fr-FR\"},{\"@type\":\"Organization\",\"@id\":\"https:\/\/as-aix.fr\/#organization\",\"name\":\"Association Sportive Aix-en-Provence\",\"url\":\"https:\/\/as-aix.fr\/\",\"logo\":{\"@type\":\"ImageObject\",\"inLanguage\":\"fr-FR\",\"@id\":\"https:\/\/as-aix.fr\/#\/schema\/logo\/image\/\",\"url\":\"https:\/\/as-aix.fr\/wp-content\/uploads\/2017\/03\/flag-asa.png\",\"contentUrl\":\"https:\/\/as-aix.fr\/wp-content\/uploads\/2017\/03\/flag-asa.png\",\"width\":110,\"height\":119,\"caption\":\"Association Sportive Aix-en-Provence\"},\"image\":{\"@id\":\"https:\/\/as-aix.fr\/#\/schema\/logo\/image\/\"}},{\"@type\":\"Person\",\"@id\":\"https:\/\/as-aix.fr\/#\/schema\/person\/321022093861fa67370f9c542e4785c3\",\"name\":\"ASA\",\"image\":{\"@type\":\"ImageObject\",\"inLanguage\":\"fr-FR\",\"@id\":\"https:\/\/as-aix.fr\/#\/schema\/person\/image\/\",\"url\":\"https:\/\/as-aix.fr\/wp-content\/uploads\/2021\/03\/avatar.png\",\"contentUrl\":\"https:\/\/as-aix.fr\/wp-content\/uploads\/2021\/03\/avatar.png\",\"caption\":\"ASA\"},\"sameAs\":[\"http:\/\/as-aix.fr\"]}]}<\/script>\n<!-- \/ Yoast SEO plugin. -->","yoast_head_json":{"title":"D\u00e9but de pr\u00e9paration pour les U18 R1 -","description":"Tous les articles et news du club de football de l'association sportive Aix-en-Provence dans les bouches du Rh\u00f4ne.","robots":{"index":"noindex","follow":"follow","max-snippet":"max-snippet:-1","max-image-preview":"max-image-preview:large","max-video-preview":"max-video-preview:-1"},"og_locale":"fr_FR","og_type":"article","og_title":"D\u00e9but de pr\u00e9paration pour les U18 R1 -","og_description":"Tous les articles et news du club de football de l'association sportive Aix-en-Provence dans les bouches du Rh\u00f4ne.","og_url":"https:\/\/as-aix.fr\/index.php\/2021\/08\/22\/debut-de-preparation-pour-les-u18-r1\/","article_published_time":"2021-08-22T13:45:20+00:00","article_modified_time":"2021-08-22T13:50:31+00:00","og_image":[{"width":1320,"height":795,"url":"https:\/\/as-aix.fr\/wp-content\/uploads\/2021\/08\/U18-R1-Gemenos.jpg","type":"image\/jpeg"}],"author":"ASA","twitter_card":"summary_large_image","schema":{"@context":"https:\/\/schema.org","@graph":[{"@type":"Article","@id":"https:\/\/as-aix.fr\/index.php\/2021\/08\/22\/debut-de-preparation-pour-les-u18-r1\/#article","isPartOf":{"@id":"https:\/\/as-aix.fr\/index.php\/2021\/08\/22\/debut-de-preparation-pour-les-u18-r1\/"},"author":{"name":"ASA","@id":"https:\/\/as-aix.fr\/#\/schema\/person\/321022093861fa67370f9c542e4785c3"},"headline":"D\u00e9but de pr\u00e9paration pour les U18 R1","datePublished":"2021-08-22T13:45:20+00:00","dateModified":"2021-08-22T13:50:31+00:00","mainEntityOfPage":{"@id":"https:\/\/as-aix.fr\/index.php\/2021\/08\/22\/debut-de-preparation-pour-les-u18-r1\/"},"wordCount":100,"commentCount":0,"publisher":{"@id":"https:\/\/as-aix.fr\/#organization"},"image":{"@id":"https:\/\/as-aix.fr\/index.php\/2021\/08\/22\/debut-de-preparation-pour-les-u18-r1\/#primaryimage"},"thumbnailUrl":"https:\/\/as-aix.fr\/wp-content\/uploads\/2021\/08\/U18-R1-Gemenos.jpg","keywords":["Pr\u00e9paration"],"articleSection":["Club"],"inLanguage":"fr-FR","potentialAction":[{"@type":"CommentAction","name":"Comment","target":["https:\/\/as-aix.fr\/index.php\/2021\/08\/22\/debut-de-preparation-pour-les-u18-r1\/#respond"]}]},{"@type":"WebPage","@id":"https:\/\/as-aix.fr\/index.php\/2021\/08\/22\/debut-de-preparation-pour-les-u18-r1\/","url":"https:\/\/as-aix.fr\/index.php\/2021\/08\/22\/debut-de-preparation-pour-les-u18-r1\/","name":"D\u00e9but de pr\u00e9paration pour les U18 R1 -","isPartOf":{"@id":"https:\/\/as-aix.fr\/#website"},"primaryImageOfPage":{"@id":"https:\/\/as-aix.fr\/index.php\/2021\/08\/22\/debut-de-preparation-pour-les-u18-r1\/#primaryimage"},"image":{"@id":"https:\/\/as-aix.fr\/index.php\/2021\/08\/22\/debut-de-preparation-pour-les-u18-r1\/#primaryimage"},"thumbnailUrl":"https:\/\/as-aix.fr\/wp-content\/uploads\/2021\/08\/U18-R1-Gemenos.jpg","datePublished":"2021-08-22T13:45:20+00:00","dateModified":"2021-08-22T13:50:31+00:00","description":"Tous les articles et news du club de football de l'association sportive Aix-en-Provence dans les bouches du Rh\u00f4ne.","breadcrumb":{"@id":"https:\/\/as-aix.fr\/index.php\/2021\/08\/22\/debut-de-preparation-pour-les-u18-r1\/#breadcrumb"},"inLanguage":"fr-FR","potentialAction":[{"@type":"ReadAction","target":["https:\/\/as-aix.fr\/index.php\/2021\/08\/22\/debut-de-preparation-pour-les-u18-r1\/"]}]},{"@type":"ImageObject","inLanguage":"fr-FR","@id":"https:\/\/as-aix.fr\/index.php\/2021\/08\/22\/debut-de-preparation-pour-les-u18-r1\/#primaryimage","url":"https:\/\/as-aix.fr\/wp-content\/uploads\/2021\/08\/U18-R1-Gemenos.jpg","contentUrl":"https:\/\/as-aix.fr\/wp-content\/uploads\/2021\/08\/U18-R1-Gemenos.jpg","width":1320,"height":795},{"@type":"BreadcrumbList","@id":"https:\/\/as-aix.fr\/index.php\/2021\/08\/22\/debut-de-preparation-pour-les-u18-r1\/#breadcrumb","itemListElement":[{"@type":"ListItem","position":1,"name":"Accueil","item":"https:\/\/as-aix.fr\/"},{"@type":"ListItem","position":2,"name":"D\u00e9but de pr\u00e9paration pour les U18 R1"}]},{"@type":"WebSite","@id":"https:\/\/as-aix.fr\/#website","url":"https:\/\/as-aix.fr\/","name":"","description":"Association Sportive Aix-en-Provence","publisher":{"@id":"https:\/\/as-aix.fr\/#organization"},"potentialAction":[{"@type":"SearchAction","target":{"@type":"EntryPoint","urlTemplate":"https:\/\/as-aix.fr\/?s={search_term_string}"},"query-input":{"@type":"PropertyValueSpecification","valueRequired":true,"valueName":"search_term_string"}}],"inLanguage":"fr-FR"},{"@type":"Organization","@id":"https:\/\/as-aix.fr\/#organization","name":"Association Sportive Aix-en-Provence","url":"https:\/\/as-aix.fr\/","logo":{"@type":"ImageObject","inLanguage":"fr-FR","@id":"https:\/\/as-aix.fr\/#\/schema\/logo\/image\/","url":"https:\/\/as-aix.fr\/wp-content\/uploads\/2017\/03\/flag-asa.png","contentUrl":"https:\/\/as-aix.fr\/wp-content\/uploads\/2017\/03\/flag-asa.png","width":110,"height":119,"caption":"Association Sportive Aix-en-Provence"},"image":{"@id":"https:\/\/as-aix.fr\/#\/schema\/logo\/image\/"}},{"@type":"Person","@id":"https:\/\/as-aix.fr\/#\/schema\/person\/321022093861fa67370f9c542e4785c3","name":"ASA","image":{"@type":"ImageObject","inLanguage":"fr-FR","@id":"https:\/\/as-aix.fr\/#\/schema\/person\/image\/","url":"https:\/\/as-aix.fr\/wp-content\/uploads\/2021\/03\/avatar.png","contentUrl":"https:\/\/as-aix.fr\/wp-content\/uploads\/2021\/03\/avatar.png","caption":"ASA"},"sameAs":["http:\/\/as-aix.fr"]}]}},"_links":{"self":[{"href":"https:\/\/as-aix.fr\/index.php\/wp-json\/wp\/v2\/posts\/6668","targetHints":{"allow":["GET"]}}],"collection":[{"href":"https:\/\/as-aix.fr\/index.php\/wp-json\/wp\/v2\/posts"}],"about":[{"href":"https:\/\/as-aix.fr\/index.php\/wp-json\/wp\/v2\/types\/post"}],"author":[{"embeddable":true,"href":"https:\/\/as-aix.fr\/index.php\/wp-json\/wp\/v2\/users\/1"}],"replies":[{"embeddable":true,"href":"https:\/\/as-aix.fr\/index.php\/wp-json\/wp\/v2\/comments?post=6668"}],"version-history":[{"count":0,"href":"https:\/\/as-aix.fr\/index.php\/wp-json\/wp\/v2\/posts\/6668\/revisions"}],"wp:featuredmedia":[{"embeddable":true,"href":"https:\/\/as-aix.fr\/index.php\/wp-json\/wp\/v2\/media\/6665"}],"wp:attachment":[{"href":"https:\/\/as-aix.fr\/index.php\/wp-json\/wp\/v2\/media?parent=6668"}],"wp:term":[{"taxonomy":"category","embeddable":true,"href":"https:\/\/as-aix.fr\/index.php\/wp-json\/wp\/v2\/categories?post=6668"},{"taxonomy":"post_tag","embeddable":true,"href":"https:\/\/as-aix.fr\/index.php\/wp-json\/wp\/v2\/tags?post=6668"}],"curies":[{"name":"wp","href":"https:\/\/api.w.org\/{rel}","templated":true}]}}