{"id":6660,"date":"2021-08-22T15:17:02","date_gmt":"2021-08-22T13:17:02","guid":{"rendered":"https:\/\/as-aix.fr\/?p=6660"},"modified":"2021-08-22T15:28:32","modified_gmt":"2021-08-22T13:28:32","slug":"lasa-en-pleine-preparation","status":"publish","type":"post","link":"https:\/\/as-aix.fr\/index.php\/2021\/08\/22\/lasa-en-pleine-preparation\/","title":{"rendered":"l&rsquo;ASA en pleine pr\u00e9paration"},"content":{"rendered":"\n<p>L&rsquo;\u00e9quipe 1\u00e8re a repris le chemin des terrains le 16 ao\u00fbt apr\u00e8s une longue p\u00e9riode de vacances. <\/p>\n\n\n\n<p>Plusieurs matches de pr\u00e9paration sont au programme pour les joueurs de Julien Greco : l&rsquo;ES Milloise le 17\/08 puis l&rsquo;UGA Ardiv le 20\/08 et enfin Val Durance le 24\/08. <\/p>\n\n\n\n<p>Ces matches serviront de rep\u00e8res avant l&rsquo;entr\u00e9e en lice de l&rsquo;ASA en Coupe de France contre l&rsquo;USPEG, \u00e0 Marseille.<\/p>\n\n\n\n<figure class=\"wp-block-gallery columns-3 is-cropped wp-block-gallery-1 is-layout-flex wp-block-gallery-is-layout-flex\"><ul class=\"blocks-gallery-grid\"><li class=\"blocks-gallery-item\"><figure><img loading=\"lazy\" decoding=\"async\" width=\"1024\" height=\"683\" src=\"https:\/\/as-aix.fr\/wp-content\/uploads\/2021\/08\/IMG_5459-1024x683.jpg\" alt=\"\" data-id=\"6633\" data-full-url=\"https:\/\/as-aix.fr\/wp-content\/uploads\/2021\/08\/IMG_5459-scaled.jpg\" data-link=\"https:\/\/as-aix.fr\/img_5459\/\" class=\"wp-image-6633\" srcset=\"https:\/\/as-aix.fr\/wp-content\/uploads\/2021\/08\/IMG_5459-1024x683.jpg 1024w, https:\/\/as-aix.fr\/wp-content\/uploads\/2021\/08\/IMG_5459-300x200.jpg 300w, https:\/\/as-aix.fr\/wp-content\/uploads\/2021\/08\/IMG_5459-768x512.jpg 768w, https:\/\/as-aix.fr\/wp-content\/uploads\/2021\/08\/IMG_5459-1536x1024.jpg 1536w, https:\/\/as-aix.fr\/wp-content\/uploads\/2021\/08\/IMG_5459-2048x1365.jpg 2048w, https:\/\/as-aix.fr\/wp-content\/uploads\/2021\/08\/IMG_5459-128x85.jpg 128w, https:\/\/as-aix.fr\/wp-content\/uploads\/2021\/08\/IMG_5459-32x21.jpg 32w, https:\/\/as-aix.fr\/wp-content\/uploads\/2021\/08\/IMG_5459-1500x1000.jpg 1500w\" sizes=\"auto, (max-width: 1024px) 100vw, 1024px\" \/><\/figure><\/li><li class=\"blocks-gallery-item\"><figure><img loading=\"lazy\" decoding=\"async\" width=\"1024\" height=\"683\" src=\"https:\/\/as-aix.fr\/wp-content\/uploads\/2021\/08\/IMG_5462-1024x683.jpg\" alt=\"\" data-id=\"6634\" data-full-url=\"https:\/\/as-aix.fr\/wp-content\/uploads\/2021\/08\/IMG_5462-scaled.jpg\" data-link=\"https:\/\/as-aix.fr\/img_5462\/\" class=\"wp-image-6634\" srcset=\"https:\/\/as-aix.fr\/wp-content\/uploads\/2021\/08\/IMG_5462-1024x683.jpg 1024w, https:\/\/as-aix.fr\/wp-content\/uploads\/2021\/08\/IMG_5462-300x200.jpg 300w, https:\/\/as-aix.fr\/wp-content\/uploads\/2021\/08\/IMG_5462-768x512.jpg 768w, https:\/\/as-aix.fr\/wp-content\/uploads\/2021\/08\/IMG_5462-1536x1024.jpg 1536w, https:\/\/as-aix.fr\/wp-content\/uploads\/2021\/08\/IMG_5462-2048x1365.jpg 2048w, https:\/\/as-aix.fr\/wp-content\/uploads\/2021\/08\/IMG_5462-128x85.jpg 128w, https:\/\/as-aix.fr\/wp-content\/uploads\/2021\/08\/IMG_5462-32x21.jpg 32w, https:\/\/as-aix.fr\/wp-content\/uploads\/2021\/08\/IMG_5462-1500x1000.jpg 1500w\" sizes=\"auto, (max-width: 1024px) 100vw, 1024px\" \/><\/figure><\/li><li class=\"blocks-gallery-item\"><figure><img loading=\"lazy\" decoding=\"async\" width=\"1024\" height=\"683\" src=\"https:\/\/as-aix.fr\/wp-content\/uploads\/2021\/08\/IMG_5465-1024x683.jpg\" alt=\"\" data-id=\"6635\" data-full-url=\"https:\/\/as-aix.fr\/wp-content\/uploads\/2021\/08\/IMG_5465-scaled.jpg\" data-link=\"https:\/\/as-aix.fr\/img_5465\/\" class=\"wp-image-6635\" srcset=\"https:\/\/as-aix.fr\/wp-content\/uploads\/2021\/08\/IMG_5465-1024x683.jpg 1024w, https:\/\/as-aix.fr\/wp-content\/uploads\/2021\/08\/IMG_5465-300x200.jpg 300w, https:\/\/as-aix.fr\/wp-content\/uploads\/2021\/08\/IMG_5465-768x512.jpg 768w, https:\/\/as-aix.fr\/wp-content\/uploads\/2021\/08\/IMG_5465-1536x1024.jpg 1536w, https:\/\/as-aix.fr\/wp-content\/uploads\/2021\/08\/IMG_5465-2048x1365.jpg 2048w, https:\/\/as-aix.fr\/wp-content\/uploads\/2021\/08\/IMG_5465-128x85.jpg 128w, https:\/\/as-aix.fr\/wp-content\/uploads\/2021\/08\/IMG_5465-32x21.jpg 32w, https:\/\/as-aix.fr\/wp-content\/uploads\/2021\/08\/IMG_5465-1500x1000.jpg 1500w\" sizes=\"auto, (max-width: 1024px) 100vw, 1024px\" \/><\/figure><\/li><li class=\"blocks-gallery-item\"><figure><img loading=\"lazy\" decoding=\"async\" width=\"1024\" height=\"683\" src=\"https:\/\/as-aix.fr\/wp-content\/uploads\/2021\/08\/IMG_5477-1024x683.jpg\" alt=\"\" data-id=\"6636\" data-full-url=\"https:\/\/as-aix.fr\/wp-content\/uploads\/2021\/08\/IMG_5477-scaled.jpg\" data-link=\"https:\/\/as-aix.fr\/img_5477\/\" class=\"wp-image-6636\" srcset=\"https:\/\/as-aix.fr\/wp-content\/uploads\/2021\/08\/IMG_5477-1024x683.jpg 1024w, https:\/\/as-aix.fr\/wp-content\/uploads\/2021\/08\/IMG_5477-300x200.jpg 300w, https:\/\/as-aix.fr\/wp-content\/uploads\/2021\/08\/IMG_5477-768x512.jpg 768w, https:\/\/as-aix.fr\/wp-content\/uploads\/2021\/08\/IMG_5477-1536x1024.jpg 1536w, https:\/\/as-aix.fr\/wp-content\/uploads\/2021\/08\/IMG_5477-2048x1365.jpg 2048w, https:\/\/as-aix.fr\/wp-content\/uploads\/2021\/08\/IMG_5477-128x85.jpg 128w, https:\/\/as-aix.fr\/wp-content\/uploads\/2021\/08\/IMG_5477-32x21.jpg 32w, https:\/\/as-aix.fr\/wp-content\/uploads\/2021\/08\/IMG_5477-1500x1000.jpg 1500w\" sizes=\"auto, (max-width: 1024px) 100vw, 1024px\" \/><\/figure><\/li><li class=\"blocks-gallery-item\"><figure><img loading=\"lazy\" decoding=\"async\" width=\"1024\" height=\"683\" src=\"https:\/\/as-aix.fr\/wp-content\/uploads\/2021\/08\/IMG_5509-1024x683.jpg\" alt=\"\" data-id=\"6637\" data-full-url=\"https:\/\/as-aix.fr\/wp-content\/uploads\/2021\/08\/IMG_5509-scaled.jpg\" data-link=\"https:\/\/as-aix.fr\/img_5509\/\" class=\"wp-image-6637\" srcset=\"https:\/\/as-aix.fr\/wp-content\/uploads\/2021\/08\/IMG_5509-1024x683.jpg 1024w, https:\/\/as-aix.fr\/wp-content\/uploads\/2021\/08\/IMG_5509-300x200.jpg 300w, https:\/\/as-aix.fr\/wp-content\/uploads\/2021\/08\/IMG_5509-768x512.jpg 768w, https:\/\/as-aix.fr\/wp-content\/uploads\/2021\/08\/IMG_5509-1536x1024.jpg 1536w, https:\/\/as-aix.fr\/wp-content\/uploads\/2021\/08\/IMG_5509-2048x1365.jpg 2048w, https:\/\/as-aix.fr\/wp-content\/uploads\/2021\/08\/IMG_5509-128x85.jpg 128w, https:\/\/as-aix.fr\/wp-content\/uploads\/2021\/08\/IMG_5509-32x21.jpg 32w, https:\/\/as-aix.fr\/wp-content\/uploads\/2021\/08\/IMG_5509-1500x1000.jpg 1500w\" sizes=\"auto, (max-width: 1024px) 100vw, 1024px\" \/><\/figure><\/li><li class=\"blocks-gallery-item\"><figure><img loading=\"lazy\" decoding=\"async\" width=\"1024\" height=\"683\" src=\"https:\/\/as-aix.fr\/wp-content\/uploads\/2021\/08\/IMG_5512-1024x683.jpg\" alt=\"\" data-id=\"6638\" data-full-url=\"https:\/\/as-aix.fr\/wp-content\/uploads\/2021\/08\/IMG_5512-scaled.jpg\" data-link=\"https:\/\/as-aix.fr\/img_5512\/\" class=\"wp-image-6638\" srcset=\"https:\/\/as-aix.fr\/wp-content\/uploads\/2021\/08\/IMG_5512-1024x683.jpg 1024w, https:\/\/as-aix.fr\/wp-content\/uploads\/2021\/08\/IMG_5512-300x200.jpg 300w, https:\/\/as-aix.fr\/wp-content\/uploads\/2021\/08\/IMG_5512-768x512.jpg 768w, https:\/\/as-aix.fr\/wp-content\/uploads\/2021\/08\/IMG_5512-1536x1024.jpg 1536w, https:\/\/as-aix.fr\/wp-content\/uploads\/2021\/08\/IMG_5512-2048x1365.jpg 2048w, https:\/\/as-aix.fr\/wp-content\/uploads\/2021\/08\/IMG_5512-128x85.jpg 128w, https:\/\/as-aix.fr\/wp-content\/uploads\/2021\/08\/IMG_5512-32x21.jpg 32w, https:\/\/as-aix.fr\/wp-content\/uploads\/2021\/08\/IMG_5512-1500x1000.jpg 1500w\" sizes=\"auto, (max-width: 1024px) 100vw, 1024px\" \/><\/figure><\/li><li class=\"blocks-gallery-item\"><figure><img loading=\"lazy\" decoding=\"async\" width=\"1024\" height=\"683\" src=\"https:\/\/as-aix.fr\/wp-content\/uploads\/2021\/08\/IMG_5515-1024x683.jpg\" alt=\"\" data-id=\"6639\" data-full-url=\"https:\/\/as-aix.fr\/wp-content\/uploads\/2021\/08\/IMG_5515-scaled.jpg\" data-link=\"https:\/\/as-aix.fr\/img_5515\/\" class=\"wp-image-6639\" srcset=\"https:\/\/as-aix.fr\/wp-content\/uploads\/2021\/08\/IMG_5515-1024x683.jpg 1024w, https:\/\/as-aix.fr\/wp-content\/uploads\/2021\/08\/IMG_5515-300x200.jpg 300w, https:\/\/as-aix.fr\/wp-content\/uploads\/2021\/08\/IMG_5515-768x512.jpg 768w, https:\/\/as-aix.fr\/wp-content\/uploads\/2021\/08\/IMG_5515-1536x1024.jpg 1536w, https:\/\/as-aix.fr\/wp-content\/uploads\/2021\/08\/IMG_5515-2048x1365.jpg 2048w, https:\/\/as-aix.fr\/wp-content\/uploads\/2021\/08\/IMG_5515-128x85.jpg 128w, https:\/\/as-aix.fr\/wp-content\/uploads\/2021\/08\/IMG_5515-32x21.jpg 32w, https:\/\/as-aix.fr\/wp-content\/uploads\/2021\/08\/IMG_5515-1500x1000.jpg 1500w\" sizes=\"auto, (max-width: 1024px) 100vw, 1024px\" \/><\/figure><\/li><li class=\"blocks-gallery-item\"><figure><img loading=\"lazy\" decoding=\"async\" width=\"1024\" height=\"683\" src=\"https:\/\/as-aix.fr\/wp-content\/uploads\/2021\/08\/IMG_5524-1024x683.jpg\" alt=\"\" data-id=\"6640\" data-full-url=\"https:\/\/as-aix.fr\/wp-content\/uploads\/2021\/08\/IMG_5524-scaled.jpg\" data-link=\"https:\/\/as-aix.fr\/img_5524\/\" class=\"wp-image-6640\" srcset=\"https:\/\/as-aix.fr\/wp-content\/uploads\/2021\/08\/IMG_5524-1024x683.jpg 1024w, https:\/\/as-aix.fr\/wp-content\/uploads\/2021\/08\/IMG_5524-300x200.jpg 300w, https:\/\/as-aix.fr\/wp-content\/uploads\/2021\/08\/IMG_5524-768x512.jpg 768w, https:\/\/as-aix.fr\/wp-content\/uploads\/2021\/08\/IMG_5524-1536x1024.jpg 1536w, https:\/\/as-aix.fr\/wp-content\/uploads\/2021\/08\/IMG_5524-2048x1365.jpg 2048w, https:\/\/as-aix.fr\/wp-content\/uploads\/2021\/08\/IMG_5524-128x85.jpg 128w, https:\/\/as-aix.fr\/wp-content\/uploads\/2021\/08\/IMG_5524-32x21.jpg 32w, https:\/\/as-aix.fr\/wp-content\/uploads\/2021\/08\/IMG_5524-1500x1000.jpg 1500w\" sizes=\"auto, (max-width: 1024px) 100vw, 1024px\" \/><\/figure><\/li><li class=\"blocks-gallery-item\"><figure><img loading=\"lazy\" decoding=\"async\" width=\"1024\" height=\"683\" src=\"https:\/\/as-aix.fr\/wp-content\/uploads\/2021\/08\/IMG_5539-1024x683.jpg\" alt=\"\" data-id=\"6641\" data-full-url=\"https:\/\/as-aix.fr\/wp-content\/uploads\/2021\/08\/IMG_5539-scaled.jpg\" data-link=\"https:\/\/as-aix.fr\/img_5539\/\" class=\"wp-image-6641\" srcset=\"https:\/\/as-aix.fr\/wp-content\/uploads\/2021\/08\/IMG_5539-1024x683.jpg 1024w, https:\/\/as-aix.fr\/wp-content\/uploads\/2021\/08\/IMG_5539-300x200.jpg 300w, https:\/\/as-aix.fr\/wp-content\/uploads\/2021\/08\/IMG_5539-768x512.jpg 768w, https:\/\/as-aix.fr\/wp-content\/uploads\/2021\/08\/IMG_5539-1536x1024.jpg 1536w, https:\/\/as-aix.fr\/wp-content\/uploads\/2021\/08\/IMG_5539-2048x1365.jpg 2048w, https:\/\/as-aix.fr\/wp-content\/uploads\/2021\/08\/IMG_5539-128x85.jpg 128w, https:\/\/as-aix.fr\/wp-content\/uploads\/2021\/08\/IMG_5539-32x21.jpg 32w, https:\/\/as-aix.fr\/wp-content\/uploads\/2021\/08\/IMG_5539-1500x1000.jpg 1500w\" sizes=\"auto, (max-width: 1024px) 100vw, 1024px\" \/><\/figure><\/li><li class=\"blocks-gallery-item\"><figure><img loading=\"lazy\" decoding=\"async\" width=\"1024\" height=\"683\" src=\"https:\/\/as-aix.fr\/wp-content\/uploads\/2021\/08\/IMG_5548-1024x683.jpg\" alt=\"\" data-id=\"6642\" data-full-url=\"https:\/\/as-aix.fr\/wp-content\/uploads\/2021\/08\/IMG_5548-scaled.jpg\" data-link=\"https:\/\/as-aix.fr\/img_5548\/\" class=\"wp-image-6642\" srcset=\"https:\/\/as-aix.fr\/wp-content\/uploads\/2021\/08\/IMG_5548-1024x683.jpg 1024w, https:\/\/as-aix.fr\/wp-content\/uploads\/2021\/08\/IMG_5548-300x200.jpg 300w, https:\/\/as-aix.fr\/wp-content\/uploads\/2021\/08\/IMG_5548-768x512.jpg 768w, https:\/\/as-aix.fr\/wp-content\/uploads\/2021\/08\/IMG_5548-1536x1024.jpg 1536w, https:\/\/as-aix.fr\/wp-content\/uploads\/2021\/08\/IMG_5548-2048x1365.jpg 2048w, https:\/\/as-aix.fr\/wp-content\/uploads\/2021\/08\/IMG_5548-128x85.jpg 128w, https:\/\/as-aix.fr\/wp-content\/uploads\/2021\/08\/IMG_5548-32x21.jpg 32w, https:\/\/as-aix.fr\/wp-content\/uploads\/2021\/08\/IMG_5548-1500x1000.jpg 1500w\" sizes=\"auto, (max-width: 1024px) 100vw, 1024px\" \/><\/figure><\/li><li class=\"blocks-gallery-item\"><figure><img loading=\"lazy\" decoding=\"async\" width=\"1024\" height=\"683\" src=\"https:\/\/as-aix.fr\/wp-content\/uploads\/2021\/08\/IMG_5553-1024x683.jpg\" alt=\"\" data-id=\"6643\" data-full-url=\"https:\/\/as-aix.fr\/wp-content\/uploads\/2021\/08\/IMG_5553-scaled.jpg\" data-link=\"https:\/\/as-aix.fr\/img_5553\/\" class=\"wp-image-6643\" srcset=\"https:\/\/as-aix.fr\/wp-content\/uploads\/2021\/08\/IMG_5553-1024x683.jpg 1024w, https:\/\/as-aix.fr\/wp-content\/uploads\/2021\/08\/IMG_5553-300x200.jpg 300w, https:\/\/as-aix.fr\/wp-content\/uploads\/2021\/08\/IMG_5553-768x512.jpg 768w, https:\/\/as-aix.fr\/wp-content\/uploads\/2021\/08\/IMG_5553-1536x1024.jpg 1536w, https:\/\/as-aix.fr\/wp-content\/uploads\/2021\/08\/IMG_5553-2048x1365.jpg 2048w, https:\/\/as-aix.fr\/wp-content\/uploads\/2021\/08\/IMG_5553-128x85.jpg 128w, https:\/\/as-aix.fr\/wp-content\/uploads\/2021\/08\/IMG_5553-32x21.jpg 32w, https:\/\/as-aix.fr\/wp-content\/uploads\/2021\/08\/IMG_5553-1500x1000.jpg 1500w\" sizes=\"auto, (max-width: 1024px) 100vw, 1024px\" \/><\/figure><\/li><li class=\"blocks-gallery-item\"><figure><img loading=\"lazy\" decoding=\"async\" width=\"1024\" height=\"683\" src=\"https:\/\/as-aix.fr\/wp-content\/uploads\/2021\/08\/IMG_5556-1024x683.jpg\" alt=\"\" data-id=\"6644\" data-full-url=\"https:\/\/as-aix.fr\/wp-content\/uploads\/2021\/08\/IMG_5556-scaled.jpg\" data-link=\"https:\/\/as-aix.fr\/img_5556\/\" class=\"wp-image-6644\" srcset=\"https:\/\/as-aix.fr\/wp-content\/uploads\/2021\/08\/IMG_5556-1024x683.jpg 1024w, https:\/\/as-aix.fr\/wp-content\/uploads\/2021\/08\/IMG_5556-300x200.jpg 300w, https:\/\/as-aix.fr\/wp-content\/uploads\/2021\/08\/IMG_5556-768x512.jpg 768w, https:\/\/as-aix.fr\/wp-content\/uploads\/2021\/08\/IMG_5556-1536x1024.jpg 1536w, https:\/\/as-aix.fr\/wp-content\/uploads\/2021\/08\/IMG_5556-2048x1365.jpg 2048w, https:\/\/as-aix.fr\/wp-content\/uploads\/2021\/08\/IMG_5556-128x85.jpg 128w, https:\/\/as-aix.fr\/wp-content\/uploads\/2021\/08\/IMG_5556-32x21.jpg 32w, https:\/\/as-aix.fr\/wp-content\/uploads\/2021\/08\/IMG_5556-1500x1000.jpg 1500w\" sizes=\"auto, (max-width: 1024px) 100vw, 1024px\" \/><\/figure><\/li><li class=\"blocks-gallery-item\"><figure><img loading=\"lazy\" decoding=\"async\" width=\"1024\" height=\"683\" src=\"https:\/\/as-aix.fr\/wp-content\/uploads\/2021\/08\/IMG_5565-1024x683.jpg\" alt=\"\" data-id=\"6645\" data-full-url=\"https:\/\/as-aix.fr\/wp-content\/uploads\/2021\/08\/IMG_5565-scaled.jpg\" data-link=\"https:\/\/as-aix.fr\/img_5565\/\" class=\"wp-image-6645\" srcset=\"https:\/\/as-aix.fr\/wp-content\/uploads\/2021\/08\/IMG_5565-1024x683.jpg 1024w, https:\/\/as-aix.fr\/wp-content\/uploads\/2021\/08\/IMG_5565-300x200.jpg 300w, https:\/\/as-aix.fr\/wp-content\/uploads\/2021\/08\/IMG_5565-768x512.jpg 768w, https:\/\/as-aix.fr\/wp-content\/uploads\/2021\/08\/IMG_5565-1536x1024.jpg 1536w, https:\/\/as-aix.fr\/wp-content\/uploads\/2021\/08\/IMG_5565-2048x1365.jpg 2048w, https:\/\/as-aix.fr\/wp-content\/uploads\/2021\/08\/IMG_5565-128x85.jpg 128w, https:\/\/as-aix.fr\/wp-content\/uploads\/2021\/08\/IMG_5565-32x21.jpg 32w, https:\/\/as-aix.fr\/wp-content\/uploads\/2021\/08\/IMG_5565-1500x1000.jpg 1500w\" sizes=\"auto, (max-width: 1024px) 100vw, 1024px\" \/><figcaption class=\"blocks-gallery-item__caption\">Yanisse Amalou<\/figcaption><\/figure><\/li><li class=\"blocks-gallery-item\"><figure><img loading=\"lazy\" decoding=\"async\" width=\"1024\" height=\"683\" src=\"https:\/\/as-aix.fr\/wp-content\/uploads\/2021\/08\/IMG_5569-1024x683.jpg\" alt=\"\" data-id=\"6646\" data-full-url=\"https:\/\/as-aix.fr\/wp-content\/uploads\/2021\/08\/IMG_5569-scaled.jpg\" data-link=\"https:\/\/as-aix.fr\/img_5569\/\" class=\"wp-image-6646\" srcset=\"https:\/\/as-aix.fr\/wp-content\/uploads\/2021\/08\/IMG_5569-1024x683.jpg 1024w, https:\/\/as-aix.fr\/wp-content\/uploads\/2021\/08\/IMG_5569-300x200.jpg 300w, https:\/\/as-aix.fr\/wp-content\/uploads\/2021\/08\/IMG_5569-768x512.jpg 768w, https:\/\/as-aix.fr\/wp-content\/uploads\/2021\/08\/IMG_5569-1536x1024.jpg 1536w, https:\/\/as-aix.fr\/wp-content\/uploads\/2021\/08\/IMG_5569-2048x1365.jpg 2048w, https:\/\/as-aix.fr\/wp-content\/uploads\/2021\/08\/IMG_5569-128x85.jpg 128w, https:\/\/as-aix.fr\/wp-content\/uploads\/2021\/08\/IMG_5569-32x21.jpg 32w, https:\/\/as-aix.fr\/wp-content\/uploads\/2021\/08\/IMG_5569-1500x1000.jpg 1500w\" sizes=\"auto, (max-width: 1024px) 100vw, 1024px\" \/><\/figure><\/li><\/ul><\/figure>\n","protected":false},"excerpt":{"rendered":"<p>L&rsquo;\u00e9quipe 1\u00e8re a repris le chemin des terrains le 16 ao\u00fbt apr\u00e8s une longue p\u00e9riode de vacances. Plusieurs matches de pr\u00e9paration sont au programme pour les joueurs de Julien Greco : l&rsquo;ES Milloise le 17\/08 puis l&rsquo;UGA Ardiv le 20\/08 et enfin Val Durance le 24\/08. Ces matches serviront de rep\u00e8res avant l&rsquo;entr\u00e9e en lice [&hellip;]<\/p>\n","protected":false},"author":1,"featured_media":6645,"comment_status":"open","ping_status":"open","sticky":false,"template":"","format":"standard","meta":{"footnotes":""},"categories":[78],"tags":[100],"class_list":["post-6660","post","type-post","status-publish","format-standard","has-post-thumbnail","hentry","category-club","tag-preparation"],"yoast_head":"<!-- This site is optimized with the Yoast SEO plugin v23.4 - https:\/\/yoast.com\/wordpress\/plugins\/seo\/ -->\n<title>l&#039;ASA en pleine pr\u00e9paration -<\/title>\n<meta name=\"description\" content=\"Tous les articles et news du club de football de l&#039;association sportive Aix-en-Provence dans les bouches du Rh\u00f4ne.\" \/>\n<meta name=\"robots\" content=\"noindex, follow, max-snippet:-1, max-image-preview:large, max-video-preview:-1\" \/>\n<meta property=\"og:locale\" content=\"fr_FR\" \/>\n<meta property=\"og:type\" content=\"article\" \/>\n<meta property=\"og:title\" content=\"l&#039;ASA en pleine pr\u00e9paration -\" \/>\n<meta property=\"og:description\" content=\"Tous les articles et news du club de football de l&#039;association sportive Aix-en-Provence dans les bouches du Rh\u00f4ne.\" \/>\n<meta property=\"og:url\" content=\"https:\/\/as-aix.fr\/index.php\/2021\/08\/22\/lasa-en-pleine-preparation\/\" \/>\n<meta property=\"article:published_time\" content=\"2021-08-22T13:17:02+00:00\" \/>\n<meta property=\"article:modified_time\" content=\"2021-08-22T13:28:32+00:00\" \/>\n<meta property=\"og:image\" content=\"https:\/\/as-aix.fr\/wp-content\/uploads\/2021\/08\/IMG_5565-scaled.jpg\" \/>\n\t<meta property=\"og:image:width\" content=\"2560\" \/>\n\t<meta property=\"og:image:height\" content=\"1707\" \/>\n\t<meta property=\"og:image:type\" content=\"image\/jpeg\" \/>\n<meta name=\"author\" content=\"ASA\" \/>\n<meta name=\"twitter:card\" content=\"summary_large_image\" \/>\n<script type=\"application\/ld+json\" class=\"yoast-schema-graph\">{\"@context\":\"https:\/\/schema.org\",\"@graph\":[{\"@type\":\"Article\",\"@id\":\"https:\/\/as-aix.fr\/index.php\/2021\/08\/22\/lasa-en-pleine-preparation\/#article\",\"isPartOf\":{\"@id\":\"https:\/\/as-aix.fr\/index.php\/2021\/08\/22\/lasa-en-pleine-preparation\/\"},\"author\":{\"name\":\"ASA\",\"@id\":\"https:\/\/as-aix.fr\/#\/schema\/person\/321022093861fa67370f9c542e4785c3\"},\"headline\":\"l&rsquo;ASA en pleine pr\u00e9paration\",\"datePublished\":\"2021-08-22T13:17:02+00:00\",\"dateModified\":\"2021-08-22T13:28:32+00:00\",\"mainEntityOfPage\":{\"@id\":\"https:\/\/as-aix.fr\/index.php\/2021\/08\/22\/lasa-en-pleine-preparation\/\"},\"wordCount\":73,\"commentCount\":0,\"publisher\":{\"@id\":\"https:\/\/as-aix.fr\/#organization\"},\"image\":{\"@id\":\"https:\/\/as-aix.fr\/index.php\/2021\/08\/22\/lasa-en-pleine-preparation\/#primaryimage\"},\"thumbnailUrl\":\"https:\/\/as-aix.fr\/wp-content\/uploads\/2021\/08\/IMG_5565-scaled.jpg\",\"keywords\":[\"Pr\u00e9paration\"],\"articleSection\":[\"Club\"],\"inLanguage\":\"fr-FR\",\"potentialAction\":[{\"@type\":\"CommentAction\",\"name\":\"Comment\",\"target\":[\"https:\/\/as-aix.fr\/index.php\/2021\/08\/22\/lasa-en-pleine-preparation\/#respond\"]}]},{\"@type\":\"WebPage\",\"@id\":\"https:\/\/as-aix.fr\/index.php\/2021\/08\/22\/lasa-en-pleine-preparation\/\",\"url\":\"https:\/\/as-aix.fr\/index.php\/2021\/08\/22\/lasa-en-pleine-preparation\/\",\"name\":\"l'ASA en pleine pr\u00e9paration -\",\"isPartOf\":{\"@id\":\"https:\/\/as-aix.fr\/#website\"},\"primaryImageOfPage\":{\"@id\":\"https:\/\/as-aix.fr\/index.php\/2021\/08\/22\/lasa-en-pleine-preparation\/#primaryimage\"},\"image\":{\"@id\":\"https:\/\/as-aix.fr\/index.php\/2021\/08\/22\/lasa-en-pleine-preparation\/#primaryimage\"},\"thumbnailUrl\":\"https:\/\/as-aix.fr\/wp-content\/uploads\/2021\/08\/IMG_5565-scaled.jpg\",\"datePublished\":\"2021-08-22T13:17:02+00:00\",\"dateModified\":\"2021-08-22T13:28:32+00:00\",\"description\":\"Tous les articles et news du club de football de l'association sportive Aix-en-Provence dans les bouches du Rh\u00f4ne.\",\"breadcrumb\":{\"@id\":\"https:\/\/as-aix.fr\/index.php\/2021\/08\/22\/lasa-en-pleine-preparation\/#breadcrumb\"},\"inLanguage\":\"fr-FR\",\"potentialAction\":[{\"@type\":\"ReadAction\",\"target\":[\"https:\/\/as-aix.fr\/index.php\/2021\/08\/22\/lasa-en-pleine-preparation\/\"]}]},{\"@type\":\"ImageObject\",\"inLanguage\":\"fr-FR\",\"@id\":\"https:\/\/as-aix.fr\/index.php\/2021\/08\/22\/lasa-en-pleine-preparation\/#primaryimage\",\"url\":\"https:\/\/as-aix.fr\/wp-content\/uploads\/2021\/08\/IMG_5565-scaled.jpg\",\"contentUrl\":\"https:\/\/as-aix.fr\/wp-content\/uploads\/2021\/08\/IMG_5565-scaled.jpg\",\"width\":2560,\"height\":1707,\"caption\":\"Yanisse Amalou\"},{\"@type\":\"BreadcrumbList\",\"@id\":\"https:\/\/as-aix.fr\/index.php\/2021\/08\/22\/lasa-en-pleine-preparation\/#breadcrumb\",\"itemListElement\":[{\"@type\":\"ListItem\",\"position\":1,\"name\":\"Accueil\",\"item\":\"https:\/\/as-aix.fr\/\"},{\"@type\":\"ListItem\",\"position\":2,\"name\":\"l&rsquo;ASA en pleine pr\u00e9paration\"}]},{\"@type\":\"WebSite\",\"@id\":\"https:\/\/as-aix.fr\/#website\",\"url\":\"https:\/\/as-aix.fr\/\",\"name\":\"\",\"description\":\"Association Sportive Aix-en-Provence\",\"publisher\":{\"@id\":\"https:\/\/as-aix.fr\/#organization\"},\"potentialAction\":[{\"@type\":\"SearchAction\",\"target\":{\"@type\":\"EntryPoint\",\"urlTemplate\":\"https:\/\/as-aix.fr\/?s={search_term_string}\"},\"query-input\":{\"@type\":\"PropertyValueSpecification\",\"valueRequired\":true,\"valueName\":\"search_term_string\"}}],\"inLanguage\":\"fr-FR\"},{\"@type\":\"Organization\",\"@id\":\"https:\/\/as-aix.fr\/#organization\",\"name\":\"Association Sportive Aix-en-Provence\",\"url\":\"https:\/\/as-aix.fr\/\",\"logo\":{\"@type\":\"ImageObject\",\"inLanguage\":\"fr-FR\",\"@id\":\"https:\/\/as-aix.fr\/#\/schema\/logo\/image\/\",\"url\":\"https:\/\/as-aix.fr\/wp-content\/uploads\/2017\/03\/flag-asa.png\",\"contentUrl\":\"https:\/\/as-aix.fr\/wp-content\/uploads\/2017\/03\/flag-asa.png\",\"width\":110,\"height\":119,\"caption\":\"Association Sportive Aix-en-Provence\"},\"image\":{\"@id\":\"https:\/\/as-aix.fr\/#\/schema\/logo\/image\/\"}},{\"@type\":\"Person\",\"@id\":\"https:\/\/as-aix.fr\/#\/schema\/person\/321022093861fa67370f9c542e4785c3\",\"name\":\"ASA\",\"image\":{\"@type\":\"ImageObject\",\"inLanguage\":\"fr-FR\",\"@id\":\"https:\/\/as-aix.fr\/#\/schema\/person\/image\/\",\"url\":\"https:\/\/as-aix.fr\/wp-content\/uploads\/2021\/03\/avatar.png\",\"contentUrl\":\"https:\/\/as-aix.fr\/wp-content\/uploads\/2021\/03\/avatar.png\",\"caption\":\"ASA\"},\"sameAs\":[\"http:\/\/as-aix.fr\"]}]}<\/script>\n<!-- \/ Yoast SEO plugin. -->","yoast_head_json":{"title":"l'ASA en pleine pr\u00e9paration -","description":"Tous les articles et news du club de football de l'association sportive Aix-en-Provence dans les bouches du Rh\u00f4ne.","robots":{"index":"noindex","follow":"follow","max-snippet":"max-snippet:-1","max-image-preview":"max-image-preview:large","max-video-preview":"max-video-preview:-1"},"og_locale":"fr_FR","og_type":"article","og_title":"l'ASA en pleine pr\u00e9paration -","og_description":"Tous les articles et news du club de football de l'association sportive Aix-en-Provence dans les bouches du Rh\u00f4ne.","og_url":"https:\/\/as-aix.fr\/index.php\/2021\/08\/22\/lasa-en-pleine-preparation\/","article_published_time":"2021-08-22T13:17:02+00:00","article_modified_time":"2021-08-22T13:28:32+00:00","og_image":[{"width":2560,"height":1707,"url":"https:\/\/as-aix.fr\/wp-content\/uploads\/2021\/08\/IMG_5565-scaled.jpg","type":"image\/jpeg"}],"author":"ASA","twitter_card":"summary_large_image","schema":{"@context":"https:\/\/schema.org","@graph":[{"@type":"Article","@id":"https:\/\/as-aix.fr\/index.php\/2021\/08\/22\/lasa-en-pleine-preparation\/#article","isPartOf":{"@id":"https:\/\/as-aix.fr\/index.php\/2021\/08\/22\/lasa-en-pleine-preparation\/"},"author":{"name":"ASA","@id":"https:\/\/as-aix.fr\/#\/schema\/person\/321022093861fa67370f9c542e4785c3"},"headline":"l&rsquo;ASA en pleine pr\u00e9paration","datePublished":"2021-08-22T13:17:02+00:00","dateModified":"2021-08-22T13:28:32+00:00","mainEntityOfPage":{"@id":"https:\/\/as-aix.fr\/index.php\/2021\/08\/22\/lasa-en-pleine-preparation\/"},"wordCount":73,"commentCount":0,"publisher":{"@id":"https:\/\/as-aix.fr\/#organization"},"image":{"@id":"https:\/\/as-aix.fr\/index.php\/2021\/08\/22\/lasa-en-pleine-preparation\/#primaryimage"},"thumbnailUrl":"https:\/\/as-aix.fr\/wp-content\/uploads\/2021\/08\/IMG_5565-scaled.jpg","keywords":["Pr\u00e9paration"],"articleSection":["Club"],"inLanguage":"fr-FR","potentialAction":[{"@type":"CommentAction","name":"Comment","target":["https:\/\/as-aix.fr\/index.php\/2021\/08\/22\/lasa-en-pleine-preparation\/#respond"]}]},{"@type":"WebPage","@id":"https:\/\/as-aix.fr\/index.php\/2021\/08\/22\/lasa-en-pleine-preparation\/","url":"https:\/\/as-aix.fr\/index.php\/2021\/08\/22\/lasa-en-pleine-preparation\/","name":"l'ASA en pleine pr\u00e9paration -","isPartOf":{"@id":"https:\/\/as-aix.fr\/#website"},"primaryImageOfPage":{"@id":"https:\/\/as-aix.fr\/index.php\/2021\/08\/22\/lasa-en-pleine-preparation\/#primaryimage"},"image":{"@id":"https:\/\/as-aix.fr\/index.php\/2021\/08\/22\/lasa-en-pleine-preparation\/#primaryimage"},"thumbnailUrl":"https:\/\/as-aix.fr\/wp-content\/uploads\/2021\/08\/IMG_5565-scaled.jpg","datePublished":"2021-08-22T13:17:02+00:00","dateModified":"2021-08-22T13:28:32+00:00","description":"Tous les articles et news du club de football de l'association sportive Aix-en-Provence dans les bouches du Rh\u00f4ne.","breadcrumb":{"@id":"https:\/\/as-aix.fr\/index.php\/2021\/08\/22\/lasa-en-pleine-preparation\/#breadcrumb"},"inLanguage":"fr-FR","potentialAction":[{"@type":"ReadAction","target":["https:\/\/as-aix.fr\/index.php\/2021\/08\/22\/lasa-en-pleine-preparation\/"]}]},{"@type":"ImageObject","inLanguage":"fr-FR","@id":"https:\/\/as-aix.fr\/index.php\/2021\/08\/22\/lasa-en-pleine-preparation\/#primaryimage","url":"https:\/\/as-aix.fr\/wp-content\/uploads\/2021\/08\/IMG_5565-scaled.jpg","contentUrl":"https:\/\/as-aix.fr\/wp-content\/uploads\/2021\/08\/IMG_5565-scaled.jpg","width":2560,"height":1707,"caption":"Yanisse Amalou"},{"@type":"BreadcrumbList","@id":"https:\/\/as-aix.fr\/index.php\/2021\/08\/22\/lasa-en-pleine-preparation\/#breadcrumb","itemListElement":[{"@type":"ListItem","position":1,"name":"Accueil","item":"https:\/\/as-aix.fr\/"},{"@type":"ListItem","position":2,"name":"l&rsquo;ASA en pleine pr\u00e9paration"}]},{"@type":"WebSite","@id":"https:\/\/as-aix.fr\/#website","url":"https:\/\/as-aix.fr\/","name":"","description":"Association Sportive Aix-en-Provence","publisher":{"@id":"https:\/\/as-aix.fr\/#organization"},"potentialAction":[{"@type":"SearchAction","target":{"@type":"EntryPoint","urlTemplate":"https:\/\/as-aix.fr\/?s={search_term_string}"},"query-input":{"@type":"PropertyValueSpecification","valueRequired":true,"valueName":"search_term_string"}}],"inLanguage":"fr-FR"},{"@type":"Organization","@id":"https:\/\/as-aix.fr\/#organization","name":"Association Sportive Aix-en-Provence","url":"https:\/\/as-aix.fr\/","logo":{"@type":"ImageObject","inLanguage":"fr-FR","@id":"https:\/\/as-aix.fr\/#\/schema\/logo\/image\/","url":"https:\/\/as-aix.fr\/wp-content\/uploads\/2017\/03\/flag-asa.png","contentUrl":"https:\/\/as-aix.fr\/wp-content\/uploads\/2017\/03\/flag-asa.png","width":110,"height":119,"caption":"Association Sportive Aix-en-Provence"},"image":{"@id":"https:\/\/as-aix.fr\/#\/schema\/logo\/image\/"}},{"@type":"Person","@id":"https:\/\/as-aix.fr\/#\/schema\/person\/321022093861fa67370f9c542e4785c3","name":"ASA","image":{"@type":"ImageObject","inLanguage":"fr-FR","@id":"https:\/\/as-aix.fr\/#\/schema\/person\/image\/","url":"https:\/\/as-aix.fr\/wp-content\/uploads\/2021\/03\/avatar.png","contentUrl":"https:\/\/as-aix.fr\/wp-content\/uploads\/2021\/03\/avatar.png","caption":"ASA"},"sameAs":["http:\/\/as-aix.fr"]}]}},"_links":{"self":[{"href":"https:\/\/as-aix.fr\/index.php\/wp-json\/wp\/v2\/posts\/6660","targetHints":{"allow":["GET"]}}],"collection":[{"href":"https:\/\/as-aix.fr\/index.php\/wp-json\/wp\/v2\/posts"}],"about":[{"href":"https:\/\/as-aix.fr\/index.php\/wp-json\/wp\/v2\/types\/post"}],"author":[{"embeddable":true,"href":"https:\/\/as-aix.fr\/index.php\/wp-json\/wp\/v2\/users\/1"}],"replies":[{"embeddable":true,"href":"https:\/\/as-aix.fr\/index.php\/wp-json\/wp\/v2\/comments?post=6660"}],"version-history":[{"count":0,"href":"https:\/\/as-aix.fr\/index.php\/wp-json\/wp\/v2\/posts\/6660\/revisions"}],"wp:featuredmedia":[{"embeddable":true,"href":"https:\/\/as-aix.fr\/index.php\/wp-json\/wp\/v2\/media\/6645"}],"wp:attachment":[{"href":"https:\/\/as-aix.fr\/index.php\/wp-json\/wp\/v2\/media?parent=6660"}],"wp:term":[{"taxonomy":"category","embeddable":true,"href":"https:\/\/as-aix.fr\/index.php\/wp-json\/wp\/v2\/categories?post=6660"},{"taxonomy":"post_tag","embeddable":true,"href":"https:\/\/as-aix.fr\/index.php\/wp-json\/wp\/v2\/tags?post=6660"}],"curies":[{"name":"wp","href":"https:\/\/api.w.org\/{rel}","templated":true}]}}