{"id":6651,"date":"2021-08-22T14:52:16","date_gmt":"2021-08-22T12:52:16","guid":{"rendered":"https:\/\/as-aix.fr\/?p=6651"},"modified":"2021-08-22T15:28:22","modified_gmt":"2021-08-22T13:28:22","slug":"match-de-preparation-face-a-monaco-pour-nos-u18f-r1","status":"publish","type":"post","link":"https:\/\/as-aix.fr\/index.php\/2021\/08\/22\/match-de-preparation-face-a-monaco-pour-nos-u18f-r1\/","title":{"rendered":"Match de pr\u00e9paration face \u00e0 Monaco pour nos U18F R1"},"content":{"rendered":"\n<p><strong>Pour leur premier match de pr\u00e9paration, nos f\u00e9minines U18R1 se d\u00e9pla\u00e7aient \u00e0 Blausasc, dans l\u2019arri\u00e8re-pays ni\u00e7ois pour y rencontrer l\u2019AS Monaco. <\/strong><\/p>\n\n\n\n<p> La rencontre s\u2019est jou\u00e9e en 3 p\u00e9riodes de 30\u00a0minutes et s\u2019est sold\u00e9e par une belle victoire 3-0 (buts d\u2019Am\u00e9lie Jepsen, 44\u2019 et 62\u2019 puis but de L\u00e9a Voyer, 83\u2019). <\/p>\n\n\n\n<p>Ce match fut riche d\u2019enseignements pour Thierry Muratelle et Vincent Bezombes avant le stage de la semaine prochaine, dont le programme s\u2019annonce charg\u00e9 avec un nouveau match de pr\u00e9paration \u00e0 Cabannes (pr\u00e8s de Cavaillon) m\u00e9rcredi 25 ao\u00fbt puis direction M\u00e9jannes-le-Clap jusqu\u2019\u00e0 samedi 28 ao\u00fbt pour terminer sur un match\u00a0 face \u00e0 l\u2019Etoile d\u2019Aubune. <\/p>\n","protected":false},"excerpt":{"rendered":"<p>Pour leur premier match de pr\u00e9paration, nos f\u00e9minines U18R1 se d\u00e9pla\u00e7aient \u00e0 Blausasc, dans l\u2019arri\u00e8re-pays ni\u00e7ois pour y rencontrer l\u2019AS Monaco. La rencontre s\u2019est jou\u00e9e en 3 p\u00e9riodes de 30\u00a0minutes et s\u2019est sold\u00e9e par une belle victoire 3-0 (buts d\u2019Am\u00e9lie Jepsen, 44\u2019 et 62\u2019 puis but de L\u00e9a Voyer, 83\u2019). Ce match fut riche d\u2019enseignements [&hellip;]<\/p>\n","protected":false},"author":1,"featured_media":6650,"comment_status":"open","ping_status":"open","sticky":false,"template":"","format":"standard","meta":{"footnotes":""},"categories":[78],"tags":[100],"class_list":["post-6651","post","type-post","status-publish","format-standard","has-post-thumbnail","hentry","category-club","tag-preparation"],"yoast_head":"<!-- This site is optimized with the Yoast SEO plugin v23.4 - https:\/\/yoast.com\/wordpress\/plugins\/seo\/ -->\n<title>Match de pr\u00e9paration face \u00e0 Monaco pour nos U18F R1 -<\/title>\n<meta name=\"description\" content=\"Tous les articles et news du club de football de l&#039;association sportive Aix-en-Provence dans les bouches du Rh\u00f4ne.\" \/>\n<meta name=\"robots\" content=\"noindex, follow, max-snippet:-1, max-image-preview:large, max-video-preview:-1\" \/>\n<meta property=\"og:locale\" content=\"fr_FR\" \/>\n<meta property=\"og:type\" content=\"article\" \/>\n<meta property=\"og:title\" content=\"Match de pr\u00e9paration face \u00e0 Monaco pour nos U18F R1 -\" \/>\n<meta property=\"og:description\" content=\"Tous les articles et news du club de football de l&#039;association sportive Aix-en-Provence dans les bouches du Rh\u00f4ne.\" \/>\n<meta property=\"og:url\" content=\"https:\/\/as-aix.fr\/index.php\/2021\/08\/22\/match-de-preparation-face-a-monaco-pour-nos-u18f-r1\/\" \/>\n<meta property=\"article:published_time\" content=\"2021-08-22T12:52:16+00:00\" \/>\n<meta property=\"article:modified_time\" content=\"2021-08-22T13:28:22+00:00\" \/>\n<meta property=\"og:image\" content=\"https:\/\/as-aix.fr\/wp-content\/uploads\/2021\/08\/PHOTO-2021-08-22-13-33-47.jpg\" \/>\n\t<meta property=\"og:image:width\" content=\"1600\" \/>\n\t<meta property=\"og:image:height\" content=\"1200\" \/>\n\t<meta property=\"og:image:type\" content=\"image\/jpeg\" \/>\n<meta name=\"author\" content=\"ASA\" \/>\n<meta name=\"twitter:card\" content=\"summary_large_image\" \/>\n<script type=\"application\/ld+json\" class=\"yoast-schema-graph\">{\"@context\":\"https:\/\/schema.org\",\"@graph\":[{\"@type\":\"Article\",\"@id\":\"https:\/\/as-aix.fr\/index.php\/2021\/08\/22\/match-de-preparation-face-a-monaco-pour-nos-u18f-r1\/#article\",\"isPartOf\":{\"@id\":\"https:\/\/as-aix.fr\/index.php\/2021\/08\/22\/match-de-preparation-face-a-monaco-pour-nos-u18f-r1\/\"},\"author\":{\"name\":\"ASA\",\"@id\":\"https:\/\/as-aix.fr\/#\/schema\/person\/321022093861fa67370f9c542e4785c3\"},\"headline\":\"Match de pr\u00e9paration face \u00e0 Monaco pour nos U18F R1\",\"datePublished\":\"2021-08-22T12:52:16+00:00\",\"dateModified\":\"2021-08-22T13:28:22+00:00\",\"mainEntityOfPage\":{\"@id\":\"https:\/\/as-aix.fr\/index.php\/2021\/08\/22\/match-de-preparation-face-a-monaco-pour-nos-u18f-r1\/\"},\"wordCount\":132,\"commentCount\":0,\"publisher\":{\"@id\":\"https:\/\/as-aix.fr\/#organization\"},\"image\":{\"@id\":\"https:\/\/as-aix.fr\/index.php\/2021\/08\/22\/match-de-preparation-face-a-monaco-pour-nos-u18f-r1\/#primaryimage\"},\"thumbnailUrl\":\"https:\/\/as-aix.fr\/wp-content\/uploads\/2021\/08\/PHOTO-2021-08-22-13-33-47.jpg\",\"keywords\":[\"Pr\u00e9paration\"],\"articleSection\":[\"Club\"],\"inLanguage\":\"fr-FR\",\"potentialAction\":[{\"@type\":\"CommentAction\",\"name\":\"Comment\",\"target\":[\"https:\/\/as-aix.fr\/index.php\/2021\/08\/22\/match-de-preparation-face-a-monaco-pour-nos-u18f-r1\/#respond\"]}]},{\"@type\":\"WebPage\",\"@id\":\"https:\/\/as-aix.fr\/index.php\/2021\/08\/22\/match-de-preparation-face-a-monaco-pour-nos-u18f-r1\/\",\"url\":\"https:\/\/as-aix.fr\/index.php\/2021\/08\/22\/match-de-preparation-face-a-monaco-pour-nos-u18f-r1\/\",\"name\":\"Match de pr\u00e9paration face \u00e0 Monaco pour nos U18F R1 -\",\"isPartOf\":{\"@id\":\"https:\/\/as-aix.fr\/#website\"},\"primaryImageOfPage\":{\"@id\":\"https:\/\/as-aix.fr\/index.php\/2021\/08\/22\/match-de-preparation-face-a-monaco-pour-nos-u18f-r1\/#primaryimage\"},\"image\":{\"@id\":\"https:\/\/as-aix.fr\/index.php\/2021\/08\/22\/match-de-preparation-face-a-monaco-pour-nos-u18f-r1\/#primaryimage\"},\"thumbnailUrl\":\"https:\/\/as-aix.fr\/wp-content\/uploads\/2021\/08\/PHOTO-2021-08-22-13-33-47.jpg\",\"datePublished\":\"2021-08-22T12:52:16+00:00\",\"dateModified\":\"2021-08-22T13:28:22+00:00\",\"description\":\"Tous les articles et news du club de football de l'association sportive Aix-en-Provence dans les bouches du Rh\u00f4ne.\",\"breadcrumb\":{\"@id\":\"https:\/\/as-aix.fr\/index.php\/2021\/08\/22\/match-de-preparation-face-a-monaco-pour-nos-u18f-r1\/#breadcrumb\"},\"inLanguage\":\"fr-FR\",\"potentialAction\":[{\"@type\":\"ReadAction\",\"target\":[\"https:\/\/as-aix.fr\/index.php\/2021\/08\/22\/match-de-preparation-face-a-monaco-pour-nos-u18f-r1\/\"]}]},{\"@type\":\"ImageObject\",\"inLanguage\":\"fr-FR\",\"@id\":\"https:\/\/as-aix.fr\/index.php\/2021\/08\/22\/match-de-preparation-face-a-monaco-pour-nos-u18f-r1\/#primaryimage\",\"url\":\"https:\/\/as-aix.fr\/wp-content\/uploads\/2021\/08\/PHOTO-2021-08-22-13-33-47.jpg\",\"contentUrl\":\"https:\/\/as-aix.fr\/wp-content\/uploads\/2021\/08\/PHOTO-2021-08-22-13-33-47.jpg\",\"width\":1600,\"height\":1200,\"caption\":\"U18F R1\"},{\"@type\":\"BreadcrumbList\",\"@id\":\"https:\/\/as-aix.fr\/index.php\/2021\/08\/22\/match-de-preparation-face-a-monaco-pour-nos-u18f-r1\/#breadcrumb\",\"itemListElement\":[{\"@type\":\"ListItem\",\"position\":1,\"name\":\"Accueil\",\"item\":\"https:\/\/as-aix.fr\/\"},{\"@type\":\"ListItem\",\"position\":2,\"name\":\"Match de pr\u00e9paration face \u00e0 Monaco pour nos U18F R1\"}]},{\"@type\":\"WebSite\",\"@id\":\"https:\/\/as-aix.fr\/#website\",\"url\":\"https:\/\/as-aix.fr\/\",\"name\":\"\",\"description\":\"Association Sportive Aix-en-Provence\",\"publisher\":{\"@id\":\"https:\/\/as-aix.fr\/#organization\"},\"potentialAction\":[{\"@type\":\"SearchAction\",\"target\":{\"@type\":\"EntryPoint\",\"urlTemplate\":\"https:\/\/as-aix.fr\/?s={search_term_string}\"},\"query-input\":{\"@type\":\"PropertyValueSpecification\",\"valueRequired\":true,\"valueName\":\"search_term_string\"}}],\"inLanguage\":\"fr-FR\"},{\"@type\":\"Organization\",\"@id\":\"https:\/\/as-aix.fr\/#organization\",\"name\":\"Association Sportive Aix-en-Provence\",\"url\":\"https:\/\/as-aix.fr\/\",\"logo\":{\"@type\":\"ImageObject\",\"inLanguage\":\"fr-FR\",\"@id\":\"https:\/\/as-aix.fr\/#\/schema\/logo\/image\/\",\"url\":\"https:\/\/as-aix.fr\/wp-content\/uploads\/2017\/03\/flag-asa.png\",\"contentUrl\":\"https:\/\/as-aix.fr\/wp-content\/uploads\/2017\/03\/flag-asa.png\",\"width\":110,\"height\":119,\"caption\":\"Association Sportive Aix-en-Provence\"},\"image\":{\"@id\":\"https:\/\/as-aix.fr\/#\/schema\/logo\/image\/\"}},{\"@type\":\"Person\",\"@id\":\"https:\/\/as-aix.fr\/#\/schema\/person\/321022093861fa67370f9c542e4785c3\",\"name\":\"ASA\",\"image\":{\"@type\":\"ImageObject\",\"inLanguage\":\"fr-FR\",\"@id\":\"https:\/\/as-aix.fr\/#\/schema\/person\/image\/\",\"url\":\"https:\/\/as-aix.fr\/wp-content\/uploads\/2021\/03\/avatar.png\",\"contentUrl\":\"https:\/\/as-aix.fr\/wp-content\/uploads\/2021\/03\/avatar.png\",\"caption\":\"ASA\"},\"sameAs\":[\"http:\/\/as-aix.fr\"]}]}<\/script>\n<!-- \/ Yoast SEO plugin. -->","yoast_head_json":{"title":"Match de pr\u00e9paration face \u00e0 Monaco pour nos U18F R1 -","description":"Tous les articles et news du club de football de l'association sportive Aix-en-Provence dans les bouches du Rh\u00f4ne.","robots":{"index":"noindex","follow":"follow","max-snippet":"max-snippet:-1","max-image-preview":"max-image-preview:large","max-video-preview":"max-video-preview:-1"},"og_locale":"fr_FR","og_type":"article","og_title":"Match de pr\u00e9paration face \u00e0 Monaco pour nos U18F R1 -","og_description":"Tous les articles et news du club de football de l'association sportive Aix-en-Provence dans les bouches du Rh\u00f4ne.","og_url":"https:\/\/as-aix.fr\/index.php\/2021\/08\/22\/match-de-preparation-face-a-monaco-pour-nos-u18f-r1\/","article_published_time":"2021-08-22T12:52:16+00:00","article_modified_time":"2021-08-22T13:28:22+00:00","og_image":[{"width":1600,"height":1200,"url":"https:\/\/as-aix.fr\/wp-content\/uploads\/2021\/08\/PHOTO-2021-08-22-13-33-47.jpg","type":"image\/jpeg"}],"author":"ASA","twitter_card":"summary_large_image","schema":{"@context":"https:\/\/schema.org","@graph":[{"@type":"Article","@id":"https:\/\/as-aix.fr\/index.php\/2021\/08\/22\/match-de-preparation-face-a-monaco-pour-nos-u18f-r1\/#article","isPartOf":{"@id":"https:\/\/as-aix.fr\/index.php\/2021\/08\/22\/match-de-preparation-face-a-monaco-pour-nos-u18f-r1\/"},"author":{"name":"ASA","@id":"https:\/\/as-aix.fr\/#\/schema\/person\/321022093861fa67370f9c542e4785c3"},"headline":"Match de pr\u00e9paration face \u00e0 Monaco pour nos U18F R1","datePublished":"2021-08-22T12:52:16+00:00","dateModified":"2021-08-22T13:28:22+00:00","mainEntityOfPage":{"@id":"https:\/\/as-aix.fr\/index.php\/2021\/08\/22\/match-de-preparation-face-a-monaco-pour-nos-u18f-r1\/"},"wordCount":132,"commentCount":0,"publisher":{"@id":"https:\/\/as-aix.fr\/#organization"},"image":{"@id":"https:\/\/as-aix.fr\/index.php\/2021\/08\/22\/match-de-preparation-face-a-monaco-pour-nos-u18f-r1\/#primaryimage"},"thumbnailUrl":"https:\/\/as-aix.fr\/wp-content\/uploads\/2021\/08\/PHOTO-2021-08-22-13-33-47.jpg","keywords":["Pr\u00e9paration"],"articleSection":["Club"],"inLanguage":"fr-FR","potentialAction":[{"@type":"CommentAction","name":"Comment","target":["https:\/\/as-aix.fr\/index.php\/2021\/08\/22\/match-de-preparation-face-a-monaco-pour-nos-u18f-r1\/#respond"]}]},{"@type":"WebPage","@id":"https:\/\/as-aix.fr\/index.php\/2021\/08\/22\/match-de-preparation-face-a-monaco-pour-nos-u18f-r1\/","url":"https:\/\/as-aix.fr\/index.php\/2021\/08\/22\/match-de-preparation-face-a-monaco-pour-nos-u18f-r1\/","name":"Match de pr\u00e9paration face \u00e0 Monaco pour nos U18F R1 -","isPartOf":{"@id":"https:\/\/as-aix.fr\/#website"},"primaryImageOfPage":{"@id":"https:\/\/as-aix.fr\/index.php\/2021\/08\/22\/match-de-preparation-face-a-monaco-pour-nos-u18f-r1\/#primaryimage"},"image":{"@id":"https:\/\/as-aix.fr\/index.php\/2021\/08\/22\/match-de-preparation-face-a-monaco-pour-nos-u18f-r1\/#primaryimage"},"thumbnailUrl":"https:\/\/as-aix.fr\/wp-content\/uploads\/2021\/08\/PHOTO-2021-08-22-13-33-47.jpg","datePublished":"2021-08-22T12:52:16+00:00","dateModified":"2021-08-22T13:28:22+00:00","description":"Tous les articles et news du club de football de l'association sportive Aix-en-Provence dans les bouches du Rh\u00f4ne.","breadcrumb":{"@id":"https:\/\/as-aix.fr\/index.php\/2021\/08\/22\/match-de-preparation-face-a-monaco-pour-nos-u18f-r1\/#breadcrumb"},"inLanguage":"fr-FR","potentialAction":[{"@type":"ReadAction","target":["https:\/\/as-aix.fr\/index.php\/2021\/08\/22\/match-de-preparation-face-a-monaco-pour-nos-u18f-r1\/"]}]},{"@type":"ImageObject","inLanguage":"fr-FR","@id":"https:\/\/as-aix.fr\/index.php\/2021\/08\/22\/match-de-preparation-face-a-monaco-pour-nos-u18f-r1\/#primaryimage","url":"https:\/\/as-aix.fr\/wp-content\/uploads\/2021\/08\/PHOTO-2021-08-22-13-33-47.jpg","contentUrl":"https:\/\/as-aix.fr\/wp-content\/uploads\/2021\/08\/PHOTO-2021-08-22-13-33-47.jpg","width":1600,"height":1200,"caption":"U18F R1"},{"@type":"BreadcrumbList","@id":"https:\/\/as-aix.fr\/index.php\/2021\/08\/22\/match-de-preparation-face-a-monaco-pour-nos-u18f-r1\/#breadcrumb","itemListElement":[{"@type":"ListItem","position":1,"name":"Accueil","item":"https:\/\/as-aix.fr\/"},{"@type":"ListItem","position":2,"name":"Match de pr\u00e9paration face \u00e0 Monaco pour nos U18F R1"}]},{"@type":"WebSite","@id":"https:\/\/as-aix.fr\/#website","url":"https:\/\/as-aix.fr\/","name":"","description":"Association Sportive Aix-en-Provence","publisher":{"@id":"https:\/\/as-aix.fr\/#organization"},"potentialAction":[{"@type":"SearchAction","target":{"@type":"EntryPoint","urlTemplate":"https:\/\/as-aix.fr\/?s={search_term_string}"},"query-input":{"@type":"PropertyValueSpecification","valueRequired":true,"valueName":"search_term_string"}}],"inLanguage":"fr-FR"},{"@type":"Organization","@id":"https:\/\/as-aix.fr\/#organization","name":"Association Sportive Aix-en-Provence","url":"https:\/\/as-aix.fr\/","logo":{"@type":"ImageObject","inLanguage":"fr-FR","@id":"https:\/\/as-aix.fr\/#\/schema\/logo\/image\/","url":"https:\/\/as-aix.fr\/wp-content\/uploads\/2017\/03\/flag-asa.png","contentUrl":"https:\/\/as-aix.fr\/wp-content\/uploads\/2017\/03\/flag-asa.png","width":110,"height":119,"caption":"Association Sportive Aix-en-Provence"},"image":{"@id":"https:\/\/as-aix.fr\/#\/schema\/logo\/image\/"}},{"@type":"Person","@id":"https:\/\/as-aix.fr\/#\/schema\/person\/321022093861fa67370f9c542e4785c3","name":"ASA","image":{"@type":"ImageObject","inLanguage":"fr-FR","@id":"https:\/\/as-aix.fr\/#\/schema\/person\/image\/","url":"https:\/\/as-aix.fr\/wp-content\/uploads\/2021\/03\/avatar.png","contentUrl":"https:\/\/as-aix.fr\/wp-content\/uploads\/2021\/03\/avatar.png","caption":"ASA"},"sameAs":["http:\/\/as-aix.fr"]}]}},"_links":{"self":[{"href":"https:\/\/as-aix.fr\/index.php\/wp-json\/wp\/v2\/posts\/6651","targetHints":{"allow":["GET"]}}],"collection":[{"href":"https:\/\/as-aix.fr\/index.php\/wp-json\/wp\/v2\/posts"}],"about":[{"href":"https:\/\/as-aix.fr\/index.php\/wp-json\/wp\/v2\/types\/post"}],"author":[{"embeddable":true,"href":"https:\/\/as-aix.fr\/index.php\/wp-json\/wp\/v2\/users\/1"}],"replies":[{"embeddable":true,"href":"https:\/\/as-aix.fr\/index.php\/wp-json\/wp\/v2\/comments?post=6651"}],"version-history":[{"count":0,"href":"https:\/\/as-aix.fr\/index.php\/wp-json\/wp\/v2\/posts\/6651\/revisions"}],"wp:featuredmedia":[{"embeddable":true,"href":"https:\/\/as-aix.fr\/index.php\/wp-json\/wp\/v2\/media\/6650"}],"wp:attachment":[{"href":"https:\/\/as-aix.fr\/index.php\/wp-json\/wp\/v2\/media?parent=6651"}],"wp:term":[{"taxonomy":"category","embeddable":true,"href":"https:\/\/as-aix.fr\/index.php\/wp-json\/wp\/v2\/categories?post=6651"},{"taxonomy":"post_tag","embeddable":true,"href":"https:\/\/as-aix.fr\/index.php\/wp-json\/wp\/v2\/tags?post=6651"}],"curies":[{"name":"wp","href":"https:\/\/api.w.org\/{rel}","templated":true}]}}