{"id":6627,"date":"2021-08-22T13:52:32","date_gmt":"2021-08-22T11:52:32","guid":{"rendered":"https:\/\/as-aix.fr\/?p=6627"},"modified":"2021-08-22T15:28:08","modified_gmt":"2021-08-22T13:28:08","slug":"as-monaco-montpellier-hsc-u17-national","status":"publish","type":"post","link":"https:\/\/as-aix.fr\/index.php\/2021\/08\/22\/as-monaco-montpellier-hsc-u17-national\/","title":{"rendered":"AS Monaco &#8211; Montpellier HSC (U17 National)"},"content":{"rendered":"\n<p>Dans le cadre de son partenariat avec le club de la Principaut\u00e9, l&rsquo;ASA accueillait l&rsquo;AS Monaco et le Montpellier HSC en U17 National pour un match de pr\u00e9paration. C&rsquo;\u00e9tait aussi l&rsquo;occasion de voir l&rsquo;ancien aixois, Mathis Coudour, sous ses nouvelles couleurs.<br>Manu Dos Santos, le coach de Monaco, avait d\u00e9cid\u00e9 d&rsquo;aligner ses \u00ab\u00a01\u00e8re ann\u00e9e\u00a0\u00bb pour ce match d&rsquo;essai face \u00e0 une redoutable \u00e9quipe Montpelli\u00e9raine, entra\u00een\u00e9e par l&rsquo;ancien Istr\u00e9en Didier Zanetti, bien en place et qui poursuivait sa pr\u00e9paration apr\u00e8s avoir affront\u00e9 l&rsquo;AS St-Etienne et l&rsquo;OM. Le r\u00e9sultat est lourd pour les rouge et blanc : 6-1, mais nul doute que chacune des deux \u00e9quipes tirera des le\u00e7ons utiles pour leur entr\u00e9e en championnat.<br>Parmi les nombreux spectateurs, beaucoup d&rsquo;aixois s&rsquo;\u00e9taient d\u00e9plac\u00e9s pour voir \u00e9voluer le prodige local, Mathis Coudour, qui a rejoint l&rsquo;AS Monaco Academy cet \u00e9t\u00e9 et dont la formation ne fait que commencer.<\/p>\n\n\n\n<figure class=\"wp-block-gallery columns-3 is-cropped wp-block-gallery-1 is-layout-flex wp-block-gallery-is-layout-flex\"><ul class=\"blocks-gallery-grid\"><li class=\"blocks-gallery-item\"><figure><img loading=\"lazy\" decoding=\"async\" width=\"1024\" height=\"683\" src=\"https:\/\/as-aix.fr\/wp-content\/uploads\/2021\/08\/IMG_5595-1-1024x683.jpg\" alt=\"\" data-id=\"6628\" data-full-url=\"https:\/\/as-aix.fr\/wp-content\/uploads\/2021\/08\/IMG_5595-1-scaled.jpg\" data-link=\"https:\/\/as-aix.fr\/index.php\/2021\/08\/22\/as-monaco-montpellier-hsc-u17-national\/img_5595-2\/\" class=\"wp-image-6628\" srcset=\"https:\/\/as-aix.fr\/wp-content\/uploads\/2021\/08\/IMG_5595-1-1024x683.jpg 1024w, https:\/\/as-aix.fr\/wp-content\/uploads\/2021\/08\/IMG_5595-1-300x200.jpg 300w, https:\/\/as-aix.fr\/wp-content\/uploads\/2021\/08\/IMG_5595-1-768x512.jpg 768w, https:\/\/as-aix.fr\/wp-content\/uploads\/2021\/08\/IMG_5595-1-1536x1024.jpg 1536w, https:\/\/as-aix.fr\/wp-content\/uploads\/2021\/08\/IMG_5595-1-2048x1365.jpg 2048w, https:\/\/as-aix.fr\/wp-content\/uploads\/2021\/08\/IMG_5595-1-128x85.jpg 128w, https:\/\/as-aix.fr\/wp-content\/uploads\/2021\/08\/IMG_5595-1-32x21.jpg 32w, https:\/\/as-aix.fr\/wp-content\/uploads\/2021\/08\/IMG_5595-1-1500x1000.jpg 1500w\" sizes=\"auto, (max-width: 1024px) 100vw, 1024px\" \/><figcaption class=\"blocks-gallery-item__caption\">Groupe U17 National du MHSC<\/figcaption><\/figure><\/li><li class=\"blocks-gallery-item\"><figure><img loading=\"lazy\" decoding=\"async\" width=\"1024\" height=\"641\" src=\"https:\/\/as-aix.fr\/wp-content\/uploads\/2021\/08\/IMG_5595-1024x641.jpg\" alt=\"\" data-id=\"6614\" data-full-url=\"https:\/\/as-aix.fr\/wp-content\/uploads\/2021\/08\/IMG_5595-scaled.jpg\" data-link=\"https:\/\/as-aix.fr\/img_5595\/\" class=\"wp-image-6614\" srcset=\"https:\/\/as-aix.fr\/wp-content\/uploads\/2021\/08\/IMG_5595-1024x641.jpg 1024w, https:\/\/as-aix.fr\/wp-content\/uploads\/2021\/08\/IMG_5595-300x188.jpg 300w, https:\/\/as-aix.fr\/wp-content\/uploads\/2021\/08\/IMG_5595-768x481.jpg 768w, https:\/\/as-aix.fr\/wp-content\/uploads\/2021\/08\/IMG_5595-1536x962.jpg 1536w, https:\/\/as-aix.fr\/wp-content\/uploads\/2021\/08\/IMG_5595-2048x1282.jpg 2048w, https:\/\/as-aix.fr\/wp-content\/uploads\/2021\/08\/IMG_5595-128x80.jpg 128w, https:\/\/as-aix.fr\/wp-content\/uploads\/2021\/08\/IMG_5595-32x20.jpg 32w\" sizes=\"auto, (max-width: 1024px) 100vw, 1024px\" \/><figcaption class=\"blocks-gallery-item__caption\">AS Monaco U17Nat<\/figcaption><\/figure><\/li><li class=\"blocks-gallery-item\"><figure><img loading=\"lazy\" decoding=\"async\" width=\"1024\" height=\"683\" src=\"https:\/\/as-aix.fr\/wp-content\/uploads\/2021\/08\/IMG_5649-1024x683.jpg\" alt=\"\" data-id=\"6626\" data-full-url=\"https:\/\/as-aix.fr\/wp-content\/uploads\/2021\/08\/IMG_5649.jpg\" data-link=\"https:\/\/as-aix.fr\/img_5649\/\" class=\"wp-image-6626\" srcset=\"https:\/\/as-aix.fr\/wp-content\/uploads\/2021\/08\/IMG_5649-1024x683.jpg 1024w, https:\/\/as-aix.fr\/wp-content\/uploads\/2021\/08\/IMG_5649-300x200.jpg 300w, https:\/\/as-aix.fr\/wp-content\/uploads\/2021\/08\/IMG_5649-768x512.jpg 768w, https:\/\/as-aix.fr\/wp-content\/uploads\/2021\/08\/IMG_5649-1536x1024.jpg 1536w, https:\/\/as-aix.fr\/wp-content\/uploads\/2021\/08\/IMG_5649-128x85.jpg 128w, https:\/\/as-aix.fr\/wp-content\/uploads\/2021\/08\/IMG_5649-32x21.jpg 32w, https:\/\/as-aix.fr\/wp-content\/uploads\/2021\/08\/IMG_5649-1500x1000.jpg 1500w, https:\/\/as-aix.fr\/wp-content\/uploads\/2021\/08\/IMG_5649.jpg 1773w\" sizes=\"auto, (max-width: 1024px) 100vw, 1024px\" \/><\/figure><\/li><li class=\"blocks-gallery-item\"><figure><img loading=\"lazy\" decoding=\"async\" width=\"1024\" height=\"683\" src=\"https:\/\/as-aix.fr\/wp-content\/uploads\/2021\/08\/IMG_5637-1024x683.jpg\" alt=\"\" data-id=\"6624\" data-full-url=\"https:\/\/as-aix.fr\/wp-content\/uploads\/2021\/08\/IMG_5637.jpg\" data-link=\"https:\/\/as-aix.fr\/img_5637\/\" class=\"wp-image-6624\" srcset=\"https:\/\/as-aix.fr\/wp-content\/uploads\/2021\/08\/IMG_5637-1024x683.jpg 1024w, https:\/\/as-aix.fr\/wp-content\/uploads\/2021\/08\/IMG_5637-300x200.jpg 300w, https:\/\/as-aix.fr\/wp-content\/uploads\/2021\/08\/IMG_5637-768x512.jpg 768w, https:\/\/as-aix.fr\/wp-content\/uploads\/2021\/08\/IMG_5637-1536x1024.jpg 1536w, https:\/\/as-aix.fr\/wp-content\/uploads\/2021\/08\/IMG_5637-128x85.jpg 128w, https:\/\/as-aix.fr\/wp-content\/uploads\/2021\/08\/IMG_5637-32x21.jpg 32w, https:\/\/as-aix.fr\/wp-content\/uploads\/2021\/08\/IMG_5637-1500x1000.jpg 1500w, https:\/\/as-aix.fr\/wp-content\/uploads\/2021\/08\/IMG_5637.jpg 1773w\" sizes=\"auto, (max-width: 1024px) 100vw, 1024px\" \/><figcaption class=\"blocks-gallery-item__caption\">Mathis Coudour<\/figcaption><\/figure><\/li><li class=\"blocks-gallery-item\"><figure><img loading=\"lazy\" decoding=\"async\" width=\"1024\" height=\"683\" src=\"https:\/\/as-aix.fr\/wp-content\/uploads\/2021\/08\/IMG_5621-1024x683.jpg\" alt=\"\" data-id=\"6619\" data-full-url=\"https:\/\/as-aix.fr\/wp-content\/uploads\/2021\/08\/IMG_5621.jpg\" data-link=\"https:\/\/as-aix.fr\/img_5621\/\" class=\"wp-image-6619\" srcset=\"https:\/\/as-aix.fr\/wp-content\/uploads\/2021\/08\/IMG_5621-1024x683.jpg 1024w, https:\/\/as-aix.fr\/wp-content\/uploads\/2021\/08\/IMG_5621-300x200.jpg 300w, https:\/\/as-aix.fr\/wp-content\/uploads\/2021\/08\/IMG_5621-768x512.jpg 768w, https:\/\/as-aix.fr\/wp-content\/uploads\/2021\/08\/IMG_5621-1536x1024.jpg 1536w, https:\/\/as-aix.fr\/wp-content\/uploads\/2021\/08\/IMG_5621-128x85.jpg 128w, https:\/\/as-aix.fr\/wp-content\/uploads\/2021\/08\/IMG_5621-32x21.jpg 32w, https:\/\/as-aix.fr\/wp-content\/uploads\/2021\/08\/IMG_5621-1500x1000.jpg 1500w, https:\/\/as-aix.fr\/wp-content\/uploads\/2021\/08\/IMG_5621.jpg 1773w\" sizes=\"auto, (max-width: 1024px) 100vw, 1024px\" \/><figcaption class=\"blocks-gallery-item__caption\">Mathis Coudour<\/figcaption><\/figure><\/li><li class=\"blocks-gallery-item\"><figure><img loading=\"lazy\" decoding=\"async\" width=\"1024\" height=\"683\" src=\"https:\/\/as-aix.fr\/wp-content\/uploads\/2021\/08\/IMG_5616-1024x683.jpg\" alt=\"\" data-id=\"6617\" data-full-url=\"https:\/\/as-aix.fr\/wp-content\/uploads\/2021\/08\/IMG_5616-scaled.jpg\" data-link=\"https:\/\/as-aix.fr\/img_5616\/\" class=\"wp-image-6617\" srcset=\"https:\/\/as-aix.fr\/wp-content\/uploads\/2021\/08\/IMG_5616-1024x683.jpg 1024w, https:\/\/as-aix.fr\/wp-content\/uploads\/2021\/08\/IMG_5616-300x200.jpg 300w, https:\/\/as-aix.fr\/wp-content\/uploads\/2021\/08\/IMG_5616-768x512.jpg 768w, https:\/\/as-aix.fr\/wp-content\/uploads\/2021\/08\/IMG_5616-1536x1024.jpg 1536w, https:\/\/as-aix.fr\/wp-content\/uploads\/2021\/08\/IMG_5616-2048x1365.jpg 2048w, https:\/\/as-aix.fr\/wp-content\/uploads\/2021\/08\/IMG_5616-128x85.jpg 128w, https:\/\/as-aix.fr\/wp-content\/uploads\/2021\/08\/IMG_5616-32x21.jpg 32w, https:\/\/as-aix.fr\/wp-content\/uploads\/2021\/08\/IMG_5616-1500x1000.jpg 1500w\" sizes=\"auto, (max-width: 1024px) 100vw, 1024px\" \/><figcaption class=\"blocks-gallery-item__caption\">Le banc mon\u00e9gasque<\/figcaption><\/figure><\/li><li class=\"blocks-gallery-item\"><figure><img loading=\"lazy\" decoding=\"async\" width=\"1024\" height=\"683\" src=\"https:\/\/as-aix.fr\/wp-content\/uploads\/2021\/08\/IMG_5609-1024x683.jpg\" alt=\"\" data-id=\"6616\" data-full-url=\"https:\/\/as-aix.fr\/wp-content\/uploads\/2021\/08\/IMG_5609-scaled.jpg\" data-link=\"https:\/\/as-aix.fr\/img_5609\/\" class=\"wp-image-6616\" srcset=\"https:\/\/as-aix.fr\/wp-content\/uploads\/2021\/08\/IMG_5609-1024x683.jpg 1024w, https:\/\/as-aix.fr\/wp-content\/uploads\/2021\/08\/IMG_5609-300x200.jpg 300w, https:\/\/as-aix.fr\/wp-content\/uploads\/2021\/08\/IMG_5609-768x512.jpg 768w, https:\/\/as-aix.fr\/wp-content\/uploads\/2021\/08\/IMG_5609-1536x1024.jpg 1536w, https:\/\/as-aix.fr\/wp-content\/uploads\/2021\/08\/IMG_5609-2048x1365.jpg 2048w, https:\/\/as-aix.fr\/wp-content\/uploads\/2021\/08\/IMG_5609-128x85.jpg 128w, https:\/\/as-aix.fr\/wp-content\/uploads\/2021\/08\/IMG_5609-32x21.jpg 32w, https:\/\/as-aix.fr\/wp-content\/uploads\/2021\/08\/IMG_5609-1500x1000.jpg 1500w\" sizes=\"auto, (max-width: 1024px) 100vw, 1024px\" \/><figcaption class=\"blocks-gallery-item__caption\">La joie montpelli\u00e9raine apr\u00e8s l&rsquo;ouverture du score<\/figcaption><\/figure><\/li><li class=\"blocks-gallery-item\"><figure><img loading=\"lazy\" decoding=\"async\" width=\"1024\" height=\"683\" src=\"https:\/\/as-aix.fr\/wp-content\/uploads\/2021\/08\/IMG_5604-1024x683.jpg\" alt=\"\" data-id=\"6615\" data-full-url=\"https:\/\/as-aix.fr\/wp-content\/uploads\/2021\/08\/IMG_5604-scaled.jpg\" data-link=\"https:\/\/as-aix.fr\/img_5604\/\" class=\"wp-image-6615\" srcset=\"https:\/\/as-aix.fr\/wp-content\/uploads\/2021\/08\/IMG_5604-1024x683.jpg 1024w, https:\/\/as-aix.fr\/wp-content\/uploads\/2021\/08\/IMG_5604-300x200.jpg 300w, https:\/\/as-aix.fr\/wp-content\/uploads\/2021\/08\/IMG_5604-768x512.jpg 768w, https:\/\/as-aix.fr\/wp-content\/uploads\/2021\/08\/IMG_5604-1536x1024.jpg 1536w, https:\/\/as-aix.fr\/wp-content\/uploads\/2021\/08\/IMG_5604-2048x1365.jpg 2048w, https:\/\/as-aix.fr\/wp-content\/uploads\/2021\/08\/IMG_5604-128x85.jpg 128w, https:\/\/as-aix.fr\/wp-content\/uploads\/2021\/08\/IMG_5604-32x21.jpg 32w, https:\/\/as-aix.fr\/wp-content\/uploads\/2021\/08\/IMG_5604-1500x1000.jpg 1500w\" sizes=\"auto, (max-width: 1024px) 100vw, 1024px\" \/><figcaption class=\"blocks-gallery-item__caption\">P\u00e9nalty pour Montpellier d\u00e8s le d\u00e9but du match!<\/figcaption><\/figure><\/li><li class=\"blocks-gallery-item\"><figure><img loading=\"lazy\" decoding=\"async\" width=\"1024\" height=\"683\" src=\"https:\/\/as-aix.fr\/wp-content\/uploads\/2021\/08\/IMG_5625-1024x683.jpg\" alt=\"\" data-id=\"6621\" data-full-url=\"https:\/\/as-aix.fr\/wp-content\/uploads\/2021\/08\/IMG_5625.jpg\" data-link=\"https:\/\/as-aix.fr\/img_5625\/\" class=\"wp-image-6621\" srcset=\"https:\/\/as-aix.fr\/wp-content\/uploads\/2021\/08\/IMG_5625-1024x683.jpg 1024w, https:\/\/as-aix.fr\/wp-content\/uploads\/2021\/08\/IMG_5625-300x200.jpg 300w, https:\/\/as-aix.fr\/wp-content\/uploads\/2021\/08\/IMG_5625-768x512.jpg 768w, https:\/\/as-aix.fr\/wp-content\/uploads\/2021\/08\/IMG_5625-1536x1024.jpg 1536w, https:\/\/as-aix.fr\/wp-content\/uploads\/2021\/08\/IMG_5625-128x85.jpg 128w, https:\/\/as-aix.fr\/wp-content\/uploads\/2021\/08\/IMG_5625-32x21.jpg 32w, https:\/\/as-aix.fr\/wp-content\/uploads\/2021\/08\/IMG_5625-1500x1000.jpg 1500w, https:\/\/as-aix.fr\/wp-content\/uploads\/2021\/08\/IMG_5625.jpg 1773w\" sizes=\"auto, (max-width: 1024px) 100vw, 1024px\" \/><figcaption class=\"blocks-gallery-item__caption\">Mathis Coudour<\/figcaption><\/figure><\/li><li class=\"blocks-gallery-item\"><figure><img loading=\"lazy\" decoding=\"async\" width=\"1024\" height=\"683\" src=\"https:\/\/as-aix.fr\/wp-content\/uploads\/2021\/08\/IMG_5624-1024x683.jpg\" alt=\"\" data-id=\"6620\" data-full-url=\"https:\/\/as-aix.fr\/wp-content\/uploads\/2021\/08\/IMG_5624.jpg\" data-link=\"https:\/\/as-aix.fr\/img_5624\/\" class=\"wp-image-6620\" srcset=\"https:\/\/as-aix.fr\/wp-content\/uploads\/2021\/08\/IMG_5624-1024x683.jpg 1024w, https:\/\/as-aix.fr\/wp-content\/uploads\/2021\/08\/IMG_5624-300x200.jpg 300w, https:\/\/as-aix.fr\/wp-content\/uploads\/2021\/08\/IMG_5624-768x512.jpg 768w, https:\/\/as-aix.fr\/wp-content\/uploads\/2021\/08\/IMG_5624-1536x1024.jpg 1536w, https:\/\/as-aix.fr\/wp-content\/uploads\/2021\/08\/IMG_5624-128x85.jpg 128w, https:\/\/as-aix.fr\/wp-content\/uploads\/2021\/08\/IMG_5624-32x21.jpg 32w, https:\/\/as-aix.fr\/wp-content\/uploads\/2021\/08\/IMG_5624-1500x1000.jpg 1500w, https:\/\/as-aix.fr\/wp-content\/uploads\/2021\/08\/IMG_5624.jpg 1773w\" sizes=\"auto, (max-width: 1024px) 100vw, 1024px\" \/><figcaption class=\"blocks-gallery-item__caption\">Mathis Coudour<\/figcaption><\/figure><\/li><\/ul><\/figure>\n","protected":false},"excerpt":{"rendered":"<p>Dans le cadre de son partenariat avec le club de la Principaut\u00e9, l&rsquo;ASA accueillait l&rsquo;AS Monaco et le Montpellier HSC en U17 National pour un match de pr\u00e9paration. C&rsquo;\u00e9tait aussi l&rsquo;occasion de voir l&rsquo;ancien aixois, Mathis Coudour, sous ses nouvelles couleurs.Manu Dos Santos, le coach de Monaco, avait d\u00e9cid\u00e9 d&rsquo;aligner ses \u00ab\u00a01\u00e8re ann\u00e9e\u00a0\u00bb pour ce [&hellip;]<\/p>\n","protected":false},"author":1,"featured_media":6614,"comment_status":"open","ping_status":"open","sticky":false,"template":"","format":"standard","meta":{"footnotes":""},"categories":[78],"tags":[99],"class_list":["post-6627","post","type-post","status-publish","format-standard","has-post-thumbnail","hentry","category-club","tag-monaco"],"yoast_head":"<!-- This site is optimized with the Yoast SEO plugin v23.4 - https:\/\/yoast.com\/wordpress\/plugins\/seo\/ -->\n<title>AS Monaco - Montpellier HSC (U17 National) -<\/title>\n<meta name=\"description\" content=\"Tous les articles et news du club de football de l&#039;association sportive Aix-en-Provence dans les bouches du Rh\u00f4ne.\" \/>\n<meta name=\"robots\" content=\"noindex, follow, max-snippet:-1, max-image-preview:large, max-video-preview:-1\" \/>\n<meta property=\"og:locale\" content=\"fr_FR\" \/>\n<meta property=\"og:type\" content=\"article\" \/>\n<meta property=\"og:title\" content=\"AS Monaco - Montpellier HSC (U17 National) -\" \/>\n<meta property=\"og:description\" content=\"Tous les articles et news du club de football de l&#039;association sportive Aix-en-Provence dans les bouches du Rh\u00f4ne.\" \/>\n<meta property=\"og:url\" content=\"https:\/\/as-aix.fr\/index.php\/2021\/08\/22\/as-monaco-montpellier-hsc-u17-national\/\" \/>\n<meta property=\"article:published_time\" content=\"2021-08-22T11:52:32+00:00\" \/>\n<meta property=\"article:modified_time\" content=\"2021-08-22T13:28:08+00:00\" \/>\n<meta property=\"og:image\" content=\"https:\/\/as-aix.fr\/wp-content\/uploads\/2021\/08\/IMG_5595-scaled.jpg\" \/>\n\t<meta property=\"og:image:width\" content=\"2560\" \/>\n\t<meta property=\"og:image:height\" content=\"1603\" \/>\n\t<meta property=\"og:image:type\" content=\"image\/jpeg\" \/>\n<meta name=\"author\" content=\"ASA\" \/>\n<meta name=\"twitter:card\" content=\"summary_large_image\" \/>\n<script type=\"application\/ld+json\" class=\"yoast-schema-graph\">{\"@context\":\"https:\/\/schema.org\",\"@graph\":[{\"@type\":\"Article\",\"@id\":\"https:\/\/as-aix.fr\/index.php\/2021\/08\/22\/as-monaco-montpellier-hsc-u17-national\/#article\",\"isPartOf\":{\"@id\":\"https:\/\/as-aix.fr\/index.php\/2021\/08\/22\/as-monaco-montpellier-hsc-u17-national\/\"},\"author\":{\"name\":\"ASA\",\"@id\":\"https:\/\/as-aix.fr\/#\/schema\/person\/321022093861fa67370f9c542e4785c3\"},\"headline\":\"AS Monaco &#8211; Montpellier HSC (U17 National)\",\"datePublished\":\"2021-08-22T11:52:32+00:00\",\"dateModified\":\"2021-08-22T13:28:08+00:00\",\"mainEntityOfPage\":{\"@id\":\"https:\/\/as-aix.fr\/index.php\/2021\/08\/22\/as-monaco-montpellier-hsc-u17-national\/\"},\"wordCount\":207,\"commentCount\":0,\"publisher\":{\"@id\":\"https:\/\/as-aix.fr\/#organization\"},\"image\":{\"@id\":\"https:\/\/as-aix.fr\/index.php\/2021\/08\/22\/as-monaco-montpellier-hsc-u17-national\/#primaryimage\"},\"thumbnailUrl\":\"https:\/\/as-aix.fr\/wp-content\/uploads\/2021\/08\/IMG_5595-scaled.jpg\",\"keywords\":[\"Monaco\"],\"articleSection\":[\"Club\"],\"inLanguage\":\"fr-FR\",\"potentialAction\":[{\"@type\":\"CommentAction\",\"name\":\"Comment\",\"target\":[\"https:\/\/as-aix.fr\/index.php\/2021\/08\/22\/as-monaco-montpellier-hsc-u17-national\/#respond\"]}]},{\"@type\":\"WebPage\",\"@id\":\"https:\/\/as-aix.fr\/index.php\/2021\/08\/22\/as-monaco-montpellier-hsc-u17-national\/\",\"url\":\"https:\/\/as-aix.fr\/index.php\/2021\/08\/22\/as-monaco-montpellier-hsc-u17-national\/\",\"name\":\"AS Monaco - Montpellier HSC (U17 National) -\",\"isPartOf\":{\"@id\":\"https:\/\/as-aix.fr\/#website\"},\"primaryImageOfPage\":{\"@id\":\"https:\/\/as-aix.fr\/index.php\/2021\/08\/22\/as-monaco-montpellier-hsc-u17-national\/#primaryimage\"},\"image\":{\"@id\":\"https:\/\/as-aix.fr\/index.php\/2021\/08\/22\/as-monaco-montpellier-hsc-u17-national\/#primaryimage\"},\"thumbnailUrl\":\"https:\/\/as-aix.fr\/wp-content\/uploads\/2021\/08\/IMG_5595-scaled.jpg\",\"datePublished\":\"2021-08-22T11:52:32+00:00\",\"dateModified\":\"2021-08-22T13:28:08+00:00\",\"description\":\"Tous les articles et news du club de football de l'association sportive Aix-en-Provence dans les bouches du Rh\u00f4ne.\",\"breadcrumb\":{\"@id\":\"https:\/\/as-aix.fr\/index.php\/2021\/08\/22\/as-monaco-montpellier-hsc-u17-national\/#breadcrumb\"},\"inLanguage\":\"fr-FR\",\"potentialAction\":[{\"@type\":\"ReadAction\",\"target\":[\"https:\/\/as-aix.fr\/index.php\/2021\/08\/22\/as-monaco-montpellier-hsc-u17-national\/\"]}]},{\"@type\":\"ImageObject\",\"inLanguage\":\"fr-FR\",\"@id\":\"https:\/\/as-aix.fr\/index.php\/2021\/08\/22\/as-monaco-montpellier-hsc-u17-national\/#primaryimage\",\"url\":\"https:\/\/as-aix.fr\/wp-content\/uploads\/2021\/08\/IMG_5595-scaled.jpg\",\"contentUrl\":\"https:\/\/as-aix.fr\/wp-content\/uploads\/2021\/08\/IMG_5595-scaled.jpg\",\"width\":2560,\"height\":1603,\"caption\":\"AS Monaco U17Nat\"},{\"@type\":\"BreadcrumbList\",\"@id\":\"https:\/\/as-aix.fr\/index.php\/2021\/08\/22\/as-monaco-montpellier-hsc-u17-national\/#breadcrumb\",\"itemListElement\":[{\"@type\":\"ListItem\",\"position\":1,\"name\":\"Accueil\",\"item\":\"https:\/\/as-aix.fr\/\"},{\"@type\":\"ListItem\",\"position\":2,\"name\":\"AS Monaco &#8211; Montpellier HSC (U17 National)\"}]},{\"@type\":\"WebSite\",\"@id\":\"https:\/\/as-aix.fr\/#website\",\"url\":\"https:\/\/as-aix.fr\/\",\"name\":\"\",\"description\":\"Association Sportive Aix-en-Provence\",\"publisher\":{\"@id\":\"https:\/\/as-aix.fr\/#organization\"},\"potentialAction\":[{\"@type\":\"SearchAction\",\"target\":{\"@type\":\"EntryPoint\",\"urlTemplate\":\"https:\/\/as-aix.fr\/?s={search_term_string}\"},\"query-input\":{\"@type\":\"PropertyValueSpecification\",\"valueRequired\":true,\"valueName\":\"search_term_string\"}}],\"inLanguage\":\"fr-FR\"},{\"@type\":\"Organization\",\"@id\":\"https:\/\/as-aix.fr\/#organization\",\"name\":\"Association Sportive Aix-en-Provence\",\"url\":\"https:\/\/as-aix.fr\/\",\"logo\":{\"@type\":\"ImageObject\",\"inLanguage\":\"fr-FR\",\"@id\":\"https:\/\/as-aix.fr\/#\/schema\/logo\/image\/\",\"url\":\"https:\/\/as-aix.fr\/wp-content\/uploads\/2017\/03\/flag-asa.png\",\"contentUrl\":\"https:\/\/as-aix.fr\/wp-content\/uploads\/2017\/03\/flag-asa.png\",\"width\":110,\"height\":119,\"caption\":\"Association Sportive Aix-en-Provence\"},\"image\":{\"@id\":\"https:\/\/as-aix.fr\/#\/schema\/logo\/image\/\"}},{\"@type\":\"Person\",\"@id\":\"https:\/\/as-aix.fr\/#\/schema\/person\/321022093861fa67370f9c542e4785c3\",\"name\":\"ASA\",\"image\":{\"@type\":\"ImageObject\",\"inLanguage\":\"fr-FR\",\"@id\":\"https:\/\/as-aix.fr\/#\/schema\/person\/image\/\",\"url\":\"https:\/\/as-aix.fr\/wp-content\/uploads\/2021\/03\/avatar.png\",\"contentUrl\":\"https:\/\/as-aix.fr\/wp-content\/uploads\/2021\/03\/avatar.png\",\"caption\":\"ASA\"},\"sameAs\":[\"http:\/\/as-aix.fr\"]}]}<\/script>\n<!-- \/ Yoast SEO plugin. -->","yoast_head_json":{"title":"AS Monaco - Montpellier HSC (U17 National) -","description":"Tous les articles et news du club de football de l'association sportive Aix-en-Provence dans les bouches du Rh\u00f4ne.","robots":{"index":"noindex","follow":"follow","max-snippet":"max-snippet:-1","max-image-preview":"max-image-preview:large","max-video-preview":"max-video-preview:-1"},"og_locale":"fr_FR","og_type":"article","og_title":"AS Monaco - Montpellier HSC (U17 National) -","og_description":"Tous les articles et news du club de football de l'association sportive Aix-en-Provence dans les bouches du Rh\u00f4ne.","og_url":"https:\/\/as-aix.fr\/index.php\/2021\/08\/22\/as-monaco-montpellier-hsc-u17-national\/","article_published_time":"2021-08-22T11:52:32+00:00","article_modified_time":"2021-08-22T13:28:08+00:00","og_image":[{"width":2560,"height":1603,"url":"https:\/\/as-aix.fr\/wp-content\/uploads\/2021\/08\/IMG_5595-scaled.jpg","type":"image\/jpeg"}],"author":"ASA","twitter_card":"summary_large_image","schema":{"@context":"https:\/\/schema.org","@graph":[{"@type":"Article","@id":"https:\/\/as-aix.fr\/index.php\/2021\/08\/22\/as-monaco-montpellier-hsc-u17-national\/#article","isPartOf":{"@id":"https:\/\/as-aix.fr\/index.php\/2021\/08\/22\/as-monaco-montpellier-hsc-u17-national\/"},"author":{"name":"ASA","@id":"https:\/\/as-aix.fr\/#\/schema\/person\/321022093861fa67370f9c542e4785c3"},"headline":"AS Monaco &#8211; Montpellier HSC (U17 National)","datePublished":"2021-08-22T11:52:32+00:00","dateModified":"2021-08-22T13:28:08+00:00","mainEntityOfPage":{"@id":"https:\/\/as-aix.fr\/index.php\/2021\/08\/22\/as-monaco-montpellier-hsc-u17-national\/"},"wordCount":207,"commentCount":0,"publisher":{"@id":"https:\/\/as-aix.fr\/#organization"},"image":{"@id":"https:\/\/as-aix.fr\/index.php\/2021\/08\/22\/as-monaco-montpellier-hsc-u17-national\/#primaryimage"},"thumbnailUrl":"https:\/\/as-aix.fr\/wp-content\/uploads\/2021\/08\/IMG_5595-scaled.jpg","keywords":["Monaco"],"articleSection":["Club"],"inLanguage":"fr-FR","potentialAction":[{"@type":"CommentAction","name":"Comment","target":["https:\/\/as-aix.fr\/index.php\/2021\/08\/22\/as-monaco-montpellier-hsc-u17-national\/#respond"]}]},{"@type":"WebPage","@id":"https:\/\/as-aix.fr\/index.php\/2021\/08\/22\/as-monaco-montpellier-hsc-u17-national\/","url":"https:\/\/as-aix.fr\/index.php\/2021\/08\/22\/as-monaco-montpellier-hsc-u17-national\/","name":"AS Monaco - Montpellier HSC (U17 National) -","isPartOf":{"@id":"https:\/\/as-aix.fr\/#website"},"primaryImageOfPage":{"@id":"https:\/\/as-aix.fr\/index.php\/2021\/08\/22\/as-monaco-montpellier-hsc-u17-national\/#primaryimage"},"image":{"@id":"https:\/\/as-aix.fr\/index.php\/2021\/08\/22\/as-monaco-montpellier-hsc-u17-national\/#primaryimage"},"thumbnailUrl":"https:\/\/as-aix.fr\/wp-content\/uploads\/2021\/08\/IMG_5595-scaled.jpg","datePublished":"2021-08-22T11:52:32+00:00","dateModified":"2021-08-22T13:28:08+00:00","description":"Tous les articles et news du club de football de l'association sportive Aix-en-Provence dans les bouches du Rh\u00f4ne.","breadcrumb":{"@id":"https:\/\/as-aix.fr\/index.php\/2021\/08\/22\/as-monaco-montpellier-hsc-u17-national\/#breadcrumb"},"inLanguage":"fr-FR","potentialAction":[{"@type":"ReadAction","target":["https:\/\/as-aix.fr\/index.php\/2021\/08\/22\/as-monaco-montpellier-hsc-u17-national\/"]}]},{"@type":"ImageObject","inLanguage":"fr-FR","@id":"https:\/\/as-aix.fr\/index.php\/2021\/08\/22\/as-monaco-montpellier-hsc-u17-national\/#primaryimage","url":"https:\/\/as-aix.fr\/wp-content\/uploads\/2021\/08\/IMG_5595-scaled.jpg","contentUrl":"https:\/\/as-aix.fr\/wp-content\/uploads\/2021\/08\/IMG_5595-scaled.jpg","width":2560,"height":1603,"caption":"AS Monaco U17Nat"},{"@type":"BreadcrumbList","@id":"https:\/\/as-aix.fr\/index.php\/2021\/08\/22\/as-monaco-montpellier-hsc-u17-national\/#breadcrumb","itemListElement":[{"@type":"ListItem","position":1,"name":"Accueil","item":"https:\/\/as-aix.fr\/"},{"@type":"ListItem","position":2,"name":"AS Monaco &#8211; Montpellier HSC (U17 National)"}]},{"@type":"WebSite","@id":"https:\/\/as-aix.fr\/#website","url":"https:\/\/as-aix.fr\/","name":"","description":"Association Sportive Aix-en-Provence","publisher":{"@id":"https:\/\/as-aix.fr\/#organization"},"potentialAction":[{"@type":"SearchAction","target":{"@type":"EntryPoint","urlTemplate":"https:\/\/as-aix.fr\/?s={search_term_string}"},"query-input":{"@type":"PropertyValueSpecification","valueRequired":true,"valueName":"search_term_string"}}],"inLanguage":"fr-FR"},{"@type":"Organization","@id":"https:\/\/as-aix.fr\/#organization","name":"Association Sportive Aix-en-Provence","url":"https:\/\/as-aix.fr\/","logo":{"@type":"ImageObject","inLanguage":"fr-FR","@id":"https:\/\/as-aix.fr\/#\/schema\/logo\/image\/","url":"https:\/\/as-aix.fr\/wp-content\/uploads\/2017\/03\/flag-asa.png","contentUrl":"https:\/\/as-aix.fr\/wp-content\/uploads\/2017\/03\/flag-asa.png","width":110,"height":119,"caption":"Association Sportive Aix-en-Provence"},"image":{"@id":"https:\/\/as-aix.fr\/#\/schema\/logo\/image\/"}},{"@type":"Person","@id":"https:\/\/as-aix.fr\/#\/schema\/person\/321022093861fa67370f9c542e4785c3","name":"ASA","image":{"@type":"ImageObject","inLanguage":"fr-FR","@id":"https:\/\/as-aix.fr\/#\/schema\/person\/image\/","url":"https:\/\/as-aix.fr\/wp-content\/uploads\/2021\/03\/avatar.png","contentUrl":"https:\/\/as-aix.fr\/wp-content\/uploads\/2021\/03\/avatar.png","caption":"ASA"},"sameAs":["http:\/\/as-aix.fr"]}]}},"_links":{"self":[{"href":"https:\/\/as-aix.fr\/index.php\/wp-json\/wp\/v2\/posts\/6627","targetHints":{"allow":["GET"]}}],"collection":[{"href":"https:\/\/as-aix.fr\/index.php\/wp-json\/wp\/v2\/posts"}],"about":[{"href":"https:\/\/as-aix.fr\/index.php\/wp-json\/wp\/v2\/types\/post"}],"author":[{"embeddable":true,"href":"https:\/\/as-aix.fr\/index.php\/wp-json\/wp\/v2\/users\/1"}],"replies":[{"embeddable":true,"href":"https:\/\/as-aix.fr\/index.php\/wp-json\/wp\/v2\/comments?post=6627"}],"version-history":[{"count":0,"href":"https:\/\/as-aix.fr\/index.php\/wp-json\/wp\/v2\/posts\/6627\/revisions"}],"wp:featuredmedia":[{"embeddable":true,"href":"https:\/\/as-aix.fr\/index.php\/wp-json\/wp\/v2\/media\/6614"}],"wp:attachment":[{"href":"https:\/\/as-aix.fr\/index.php\/wp-json\/wp\/v2\/media?parent=6627"}],"wp:term":[{"taxonomy":"category","embeddable":true,"href":"https:\/\/as-aix.fr\/index.php\/wp-json\/wp\/v2\/categories?post=6627"},{"taxonomy":"post_tag","embeddable":true,"href":"https:\/\/as-aix.fr\/index.php\/wp-json\/wp\/v2\/tags?post=6627"}],"curies":[{"name":"wp","href":"https:\/\/api.w.org\/{rel}","templated":true}]}}